{"id":168321,"date":"2022-01-15T18:20:18","date_gmt":"2022-01-15T17:20:18","guid":{"rendered":"https:\/\/pisofranco.gal\/?p=168321"},"modified":"2022-11-29T10:36:37","modified_gmt":"2022-11-29T09:36:37","slug":"eu-tiven-unha-granxa-no-san-amaro","status":"publish","type":"post","link":"https:\/\/pisofranco.gal\/artigos\/2022\/01\/15\/eu-tiven-unha-granxa-no-san-amaro-168321\/","title":{"rendered":"Eu tiven unha granxa no San Amaro"},"content":{"rendered":"","protected":false},"excerpt":{"rendered":"<p>A\u00a0melancol\u00eda pode matar.\u00a0De feito, mata. Non se\u00a0co\u00f1ecen\u00a0os datos porque ningu\u00e9n pensa\u00a0que\u00a0sexa relevante ou que mereza\u00a0cambio. A melancol\u00eda mata como mata a\u00a0burricie ou\u00a0como a ignorancia.\u00a0Ou\u00a0a sanidade\u00a0mal\u00a0atendida. Mata como matan as\u00a0contas\u00a0mal botadas.\u00a0Tampouco\u00a0hai que po\u00f1erse\u00a0dram\u00e1ticos&#8230;\u00a0Mata\u00a0como mata\u00a0a vida, pero neste caso non\u00a0lle damos a importancia que ten.\u00a0Estamos en guerra contra a melancol\u00eda pero non nos enteramos porque imos perdendo.\u00a0<\/p>\n","protected":false},"author":51,"featured_media":168332,"comment_status":"closed","ping_status":"closed","sticky":false,"template":"","format":"standard","meta":{"_acf_changed":false,"footnotes":""},"categories":[174],"tags":[],"class_list":["post-168321","post","type-post","status-publish","format-standard","has-post-thumbnail","hentry","category-fatiga-ocular"],"acf":[],"post_template":"reportaxe","post_subscription":"yes","pretitle":"","content_extract":"Eu tiven&nbsp;unha granxa no&nbsp;San Amaro, pero non era&nbsp;mi\u00f1a, nin era granxa. Era do meu pai e de ningu\u00e9n m\u00e1is. Nin sequera da mi\u00f1a nai por gananciais, que eran un formalismo legal. Tampouco era unha granxa.&nbsp;Non ti\u00f1a as uralitas a d\u00faas augas, nin o silo para o penso que acabou sendo familiar en todo o interior...","reading_data":{"word_count":"855","reading_seconds":"205","reading_time":{"minutes":3,"hours":0,"seconds":25},"reading_string":"3'25''","reading_human":"3 minutos"},"announcement":{"finishdate":"","finishdate_text":""},"opinion":{"subject":"","subject_info":[]},"event_info":{"startdate":"","starttime":"","enddate":"","endtime":"","entertainer":null},"interview":{"interviewed":""},"phototext":{"text_author":"","text_photo":""},"video":{"video_source":""},"promotion":{"action":"default","action_data":""},"categories_list":[{"name":"Fatiga Ocular","id":174,"slug":"fatiga-ocular","parent":0,"template":"default"}],"visible_author":"Camilo Franco","_links":{"self":[{"href":"https:\/\/pisofranco.gal\/api\/wp\/v2\/posts\/168321"}],"collection":[{"href":"https:\/\/pisofranco.gal\/api\/wp\/v2\/posts"}],"about":[{"href":"https:\/\/pisofranco.gal\/api\/wp\/v2\/types\/post"}],"author":[{"embeddable":true,"href":"https:\/\/pisofranco.gal\/api\/wp\/v2\/users\/51"}],"replies":[{"embeddable":true,"href":"https:\/\/pisofranco.gal\/api\/wp\/v2\/comments?post=168321"}],"version-history":[{"count":8,"href":"https:\/\/pisofranco.gal\/api\/wp\/v2\/posts\/168321\/revisions"}],"predecessor-version":[{"id":311562,"href":"https:\/\/pisofranco.gal\/api\/wp\/v2\/posts\/168321\/revisions\/311562"}],"wp:featuredmedia":[{"embeddable":true,"href":"https:\/\/pisofranco.gal\/api\/wp\/v2\/media\/168332"}],"wp:attachment":[{"href":"https:\/\/pisofranco.gal\/api\/wp\/v2\/media?parent=168321"}],"wp:term":[{"taxonomy":"category","embeddable":true,"href":"https:\/\/pisofranco.gal\/api\/wp\/v2\/categories?post=168321"},{"taxonomy":"post_tag","embeddable":true,"href":"https:\/\/pisofranco.gal\/api\/wp\/v2\/tags?post=168321"}],"curies":[{"name":"wp","href":"https:\/\/api.w.org\/{rel}","templated":true}]}}