{"id":178449,"date":"2022-02-01T13:56:36","date_gmt":"2022-02-01T12:56:36","guid":{"rendered":"https:\/\/pisofranco.gal\/?p=178449"},"modified":"2022-02-25T00:11:31","modified_gmt":"2022-02-24T23:11:31","slug":"duas-colonizacions","status":"publish","type":"post","link":"https:\/\/pisofranco.gal\/artigos\/2022\/02\/01\/duas-colonizacions-178449\/","title":{"rendered":"D\u00faas colonizaci\u00f3ns"},"content":{"rendered":"<p>N\u00edxer est\u00e1, en moitos sentidos, no coraz\u00f3n de \u00c1frica. Da \u00c1frica que, por alg\u00fan motivo, chamamos negra. Que padeceu d\u00faas colonizaci\u00f3ns moi distanciadas no tempo e que non conseguiu sobreporse a ningunha delas. A primeira das colonizaci\u00f3ns de N\u00edxer foi a musulm\u00e1. Economicamente adaptable aos territorios que ocupou, alterou a organizaci\u00f3n social orixinaria e acabou por establecerse como referente relixioso e cultural. Non \u00e9 \u00fanica, pero \u00e9 maioritaria. A segunda colonizaci\u00f3n \u00e9 europea. Francesa, concretamente. E pese a que para cando os franceses chegaron a N\u00edxer xa estaban baixo o lema de libert\u00e9, \u00e9galit\u00e9 et fraternit\u00e9, ningunha desas m\u00e1ximas deb\u00eda de ser v\u00e1lida para algu\u00e9n que non era exactamente franc\u00e9s. A segunda colonizaci\u00f3n tivo un car\u00e1cter m\u00e1is eminentemente econ\u00f3mico. Malia a emancipaci\u00f3n do pa\u00eds en 1967, esa colonizaci\u00f3n permanece. Agora ch\u00e1mase comercio e o peso do comercio franc\u00e9s, das empresas francesas, \u00e9 moi grande na escasa estrutura econ\u00f3mica nixerina. \u00c9 un peso de evidente desigualdade porque case todos os recursos de valor no pa\u00eds contabilizan nos balances de empresas transnacionais.<\/p>","protected":false},"excerpt":{"rendered":"<p>N\u00edxer est\u00e1, en moitos sentidos, no coraz\u00f3n de \u00c1frica. Da \u00c1frica que, por alg\u00fan motivo, chamamos negra. Que padeceu d\u00faas colonizaci\u00f3ns moi distanciadas no tempo e que non conseguiu sobreporse a ningunha delas. A primeira das colonizaci\u00f3ns de N\u00edxer foi a musulm\u00e1. Economicamente adaptable aos territorios que ocupou, alterou a organizaci\u00f3n social orixinaria e acabou &hellip;<\/p>\n","protected":false},"author":51,"featured_media":178468,"comment_status":"closed","ping_status":"closed","sticky":false,"template":"","format":"standard","meta":{"_acf_changed":false,"footnotes":""},"categories":[285,231],"tags":[],"class_list":["post-178449","post","type-post","status-publish","format-standard","has-post-thumbnail","hentry","category-nixer","category-libros"],"acf":[],"post_template":"narrativa","post_subscription":"no","pretitle":"","content_extract":"N\u00edxer est\u00e1, en moitos sentidos, no coraz\u00f3n de \u00c1frica. Da \u00c1frica que, por alg\u00fan motivo, chamamos negra. Que padeceu d\u00faas colonizaci\u00f3ns moi distanciadas no tempo e que non conseguiu sobreporse a ningunha delas. A primeira das colonizaci\u00f3ns de N\u00edxer foi a musulm\u00e1. Economicamente adaptable aos territorios que ocupou, alterou a organizaci\u00f3n social orixinaria e acabou...","reading_data":{"word_count":"172","reading_seconds":"41","reading_time":{"minutes":0,"hours":0,"seconds":41},"reading_string":"41''","reading_human":"<1 minuto"},"announcement":{"finishdate":"","finishdate_text":""},"opinion":{"subject":"","subject_info":[]},"event_info":{"startdate":"","starttime":"","enddate":"","endtime":"","entertainer":null},"interview":{"interviewed":""},"phototext":{"text_author":"","text_photo":""},"video":{"video_source":""},"promotion":{"action":"default","action_data":""},"categories_list":[{"name":"Libros","id":231,"slug":"libros","parent":0,"template":"books"},{"name":"N\u00edxer","id":285,"slug":"nixer","parent":231,"template":"books"}],"visible_author":"Camilo Franco","_links":{"self":[{"href":"https:\/\/pisofranco.gal\/api\/wp\/v2\/posts\/178449"}],"collection":[{"href":"https:\/\/pisofranco.gal\/api\/wp\/v2\/posts"}],"about":[{"href":"https:\/\/pisofranco.gal\/api\/wp\/v2\/types\/post"}],"author":[{"embeddable":true,"href":"https:\/\/pisofranco.gal\/api\/wp\/v2\/users\/51"}],"replies":[{"embeddable":true,"href":"https:\/\/pisofranco.gal\/api\/wp\/v2\/comments?post=178449"}],"version-history":[{"count":4,"href":"https:\/\/pisofranco.gal\/api\/wp\/v2\/posts\/178449\/revisions"}],"predecessor-version":[{"id":178477,"href":"https:\/\/pisofranco.gal\/api\/wp\/v2\/posts\/178449\/revisions\/178477"}],"wp:featuredmedia":[{"embeddable":true,"href":"https:\/\/pisofranco.gal\/api\/wp\/v2\/media\/178468"}],"wp:attachment":[{"href":"https:\/\/pisofranco.gal\/api\/wp\/v2\/media?parent=178449"}],"wp:term":[{"taxonomy":"category","embeddable":true,"href":"https:\/\/pisofranco.gal\/api\/wp\/v2\/categories?post=178449"},{"taxonomy":"post_tag","embeddable":true,"href":"https:\/\/pisofranco.gal\/api\/wp\/v2\/tags?post=178449"}],"curies":[{"name":"wp","href":"https:\/\/api.w.org\/{rel}","templated":true}]}}