{"id":219713,"date":"2022-04-26T18:29:06","date_gmt":"2022-04-26T16:29:06","guid":{"rendered":"https:\/\/pisofranco.gal\/?p=219713"},"modified":"2022-08-16T16:29:27","modified_gmt":"2022-08-16T14:29:27","slug":"cronica-da-critica","status":"publish","type":"post","link":"https:\/\/pisofranco.gal\/artigos\/2022\/04\/26\/cronica-da-critica-219713\/","title":{"rendered":"Cr\u00f3nica da cr\u00edtica"},"content":{"rendered":"","protected":false},"excerpt":{"rendered":"<p>O entretempo ponme melanc\u00f3lico. Ao contrario que ao resto dos galegos, tan decididos en botarlle a culpa de todo \u00e1 humidade. O tempo sen definir ponme melanc\u00f3lico como espectador e en lugar de ser obxectivo, como pide todo o mundo cos seus intereses inmediatos, s\u00f3 me d\u00e1 a cabeza para ser coherente. Foi ao rematar &hellip;<\/p>\n","protected":false},"author":51,"featured_media":219726,"comment_status":"closed","ping_status":"closed","sticky":false,"template":"","format":"standard","meta":{"_acf_changed":false,"footnotes":""},"categories":[174],"tags":[],"class_list":["post-219713","post","type-post","status-publish","format-standard","has-post-thumbnail","hentry","category-fatiga-ocular"],"acf":[],"post_template":"default","post_subscription":"yes","pretitle":"","content_extract":"O entretempo ponme melanc\u00f3lico. Ao contrario que ao resto dos galegos, tan decididos en botarlle a culpa de todo \u00e1 humidade. O tempo sen definir ponme melanc\u00f3lico como espectador e en lugar de ser obxectivo, como pide todo o mundo cos seus intereses inmediatos, s\u00f3 me d\u00e1 a cabeza para ser coherente.Foi ao rematar unha...","reading_data":{"word_count":"572","reading_seconds":"137","reading_time":{"minutes":2,"hours":0,"seconds":17},"reading_string":"2'17''","reading_human":"2 minutos"},"announcement":{"finishdate":"","finishdate_text":""},"opinion":{"subject":"","subject_info":[]},"event_info":{"startdate":"","starttime":"","enddate":"","endtime":"","entertainer":null},"interview":{"interviewed":""},"phototext":{"text_author":"","text_photo":""},"video":{"video_source":""},"promotion":{"action":"default","action_data":""},"categories_list":[{"name":"Fatiga Ocular","id":174,"slug":"fatiga-ocular","parent":0,"template":"default"}],"visible_author":"Camilo Franco","_links":{"self":[{"href":"https:\/\/pisofranco.gal\/api\/wp\/v2\/posts\/219713"}],"collection":[{"href":"https:\/\/pisofranco.gal\/api\/wp\/v2\/posts"}],"about":[{"href":"https:\/\/pisofranco.gal\/api\/wp\/v2\/types\/post"}],"author":[{"embeddable":true,"href":"https:\/\/pisofranco.gal\/api\/wp\/v2\/users\/51"}],"replies":[{"embeddable":true,"href":"https:\/\/pisofranco.gal\/api\/wp\/v2\/comments?post=219713"}],"version-history":[{"count":2,"href":"https:\/\/pisofranco.gal\/api\/wp\/v2\/posts\/219713\/revisions"}],"predecessor-version":[{"id":219734,"href":"https:\/\/pisofranco.gal\/api\/wp\/v2\/posts\/219713\/revisions\/219734"}],"wp:featuredmedia":[{"embeddable":true,"href":"https:\/\/pisofranco.gal\/api\/wp\/v2\/media\/219726"}],"wp:attachment":[{"href":"https:\/\/pisofranco.gal\/api\/wp\/v2\/media?parent=219713"}],"wp:term":[{"taxonomy":"category","embeddable":true,"href":"https:\/\/pisofranco.gal\/api\/wp\/v2\/categories?post=219713"},{"taxonomy":"post_tag","embeddable":true,"href":"https:\/\/pisofranco.gal\/api\/wp\/v2\/tags?post=219713"}],"curies":[{"name":"wp","href":"https:\/\/api.w.org\/{rel}","templated":true}]}}