{"id":231319,"date":"2022-05-27T18:53:29","date_gmt":"2022-05-27T16:53:29","guid":{"rendered":"https:\/\/pisofranco.gal\/?p=231319"},"modified":"2022-06-24T17:33:42","modified_gmt":"2022-06-24T15:33:42","slug":"5-os-anonimos-son-desconecidos","status":"publish","type":"post","link":"https:\/\/pisofranco.gal\/artigos\/2022\/05\/27\/5-os-anonimos-son-desconecidos-231319\/","title":{"rendered":"5 | Os an\u00f3nimos son desco\u00f1ecidos"},"content":{"rendered":"","protected":false},"excerpt":{"rendered":"<p>Recoll\u00e9rono cabo da farmacia. Entrou pola porta de atr\u00e1s dun Audi. Diante \u00eda o alcalde, conducindo, e o comandante do posto da Garda Civil. O alcalde mirouno polo retrovisor. -Non mires as\u00ed, ho. Se chamamos polo cura poderiamos dar un golpe de estado\u2026 C\u00f3ntalle ao cabo o asunto e a ver que di. Un cochazo. &hellip;<\/p>\n","protected":false},"author":51,"featured_media":231370,"comment_status":"closed","ping_status":"closed","sticky":false,"template":"","format":"standard","meta":{"_acf_changed":false,"footnotes":""},"categories":[173,231],"tags":[],"class_list":["post-231319","post","type-post","status-publish","format-standard","has-post-thumbnail","hentry","category-balada-triste-de-moqueta","category-libros"],"acf":[],"post_template":"narrativa","post_subscription":"yes","pretitle":"","content_extract":"Recoll\u00e9rono cabo da farmacia. Entrou pola porta de atr\u00e1s dun Audi. Diante \u00eda o alcalde, conducindo, e o comandante do posto da Garda Civil. O alcalde mirouno polo retrovisor. -Non mires as\u00ed, ho. Se chamamos polo cura poderiamos dar un golpe de estado\u2026 C\u00f3ntalle ao cabo o asunto e a ver que di. Un cochazo....","reading_data":{"word_count":"622","reading_seconds":"149","reading_time":{"minutes":2,"hours":0,"seconds":29},"reading_string":"2'29''","reading_human":"2 minutos"},"announcement":{"finishdate":"","finishdate_text":""},"opinion":{"subject":"","subject_info":[]},"event_info":{"startdate":"","starttime":"","enddate":"","endtime":"","entertainer":null},"interview":{"interviewed":""},"phototext":{"text_author":"","text_photo":""},"video":{"video_source":""},"promotion":{"action":"default","action_data":""},"categories_list":[{"name":"Libros","id":231,"slug":"libros","parent":0,"template":"books"},{"name":"Balada triste de moqueta","id":173,"slug":"balada-triste-de-moqueta","parent":231,"template":"default"}],"visible_author":"Camilo Franco","_links":{"self":[{"href":"https:\/\/pisofranco.gal\/api\/wp\/v2\/posts\/231319"}],"collection":[{"href":"https:\/\/pisofranco.gal\/api\/wp\/v2\/posts"}],"about":[{"href":"https:\/\/pisofranco.gal\/api\/wp\/v2\/types\/post"}],"author":[{"embeddable":true,"href":"https:\/\/pisofranco.gal\/api\/wp\/v2\/users\/51"}],"replies":[{"embeddable":true,"href":"https:\/\/pisofranco.gal\/api\/wp\/v2\/comments?post=231319"}],"version-history":[{"count":7,"href":"https:\/\/pisofranco.gal\/api\/wp\/v2\/posts\/231319\/revisions"}],"predecessor-version":[{"id":231428,"href":"https:\/\/pisofranco.gal\/api\/wp\/v2\/posts\/231319\/revisions\/231428"}],"wp:featuredmedia":[{"embeddable":true,"href":"https:\/\/pisofranco.gal\/api\/wp\/v2\/media\/231370"}],"wp:attachment":[{"href":"https:\/\/pisofranco.gal\/api\/wp\/v2\/media?parent=231319"}],"wp:term":[{"taxonomy":"category","embeddable":true,"href":"https:\/\/pisofranco.gal\/api\/wp\/v2\/categories?post=231319"},{"taxonomy":"post_tag","embeddable":true,"href":"https:\/\/pisofranco.gal\/api\/wp\/v2\/tags?post=231319"}],"curies":[{"name":"wp","href":"https:\/\/api.w.org\/{rel}","templated":true}]}}