{"id":235518,"date":"2022-06-10T09:06:30","date_gmt":"2022-06-10T07:06:30","guid":{"rendered":"https:\/\/pisofranco.gal\/?p=235518"},"modified":"2022-06-24T17:42:00","modified_gmt":"2022-06-24T15:42:00","slug":"triangulo-de-amor-dificil","status":"publish","type":"post","link":"https:\/\/pisofranco.gal\/artigos\/2022\/06\/10\/triangulo-de-amor-dificil-235518\/","title":{"rendered":"Tri\u00e1ngulo de amor dif\u00edcil"},"content":{"rendered":"","protected":false},"excerpt":{"rendered":"<p>Esa li\u00f1a de a\u00ed \u00e9 un horizonte. Calquera pensa nos horizontes como unha li\u00f1a decisiva, pero como toda invenci\u00f3n humana \u00e9 irregular e comida polas d\u00fabidas. Pero \u00e9 un horizonte e caben cousas que queremos e cousas que non. Para alg\u00fans ese horizonte \u00e9 motivo de orgullo porque suma na mesma dimensi\u00f3n un pasado e &hellip;<\/p>\n","protected":false},"author":51,"featured_media":235514,"comment_status":"closed","ping_status":"closed","sticky":false,"template":"","format":"standard","meta":{"_acf_changed":false,"footnotes":""},"categories":[12],"tags":[],"class_list":["post-235518","post","type-post","status-publish","format-standard","has-post-thumbnail","hentry","category-fototexto"],"acf":[],"post_template":"fototexto","post_subscription":"yes","pretitle":"","content_extract":"Esa li\u00f1a de a\u00ed \u00e9 un horizonte. Calquera pensa nos horizontes como unha li\u00f1a decisiva, pero como toda invenci\u00f3n humana \u00e9 irregular e comida polas d\u00fabidas. Pero \u00e9 un horizonte e caben cousas que queremos e cousas que non. Para alg\u00fans ese horizonte \u00e9 motivo de orgullo porque suma na mesma dimensi\u00f3n un pasado e...","reading_data":{"word_count":"241","reading_seconds":"57","reading_time":{"minutes":0,"hours":0,"seconds":57},"reading_string":"57''","reading_human":"<1 minuto"},"announcement":{"finishdate":"","finishdate_text":""},"opinion":{"subject":"","subject_info":[]},"event_info":{"startdate":"","starttime":"","enddate":"","endtime":"","entertainer":null},"interview":{"interviewed":""},"phototext":{"text_author":"Camilo Franco","text_photo":"Nacho G\u00f3mez"},"video":{"video_source":""},"promotion":{"action":"default","action_data":""},"categories_list":[{"name":"M\u00e1is que Palabras","id":12,"slug":"fototexto","parent":0,"template":"default"}],"visible_author":"Camilo Franco","_links":{"self":[{"href":"https:\/\/pisofranco.gal\/api\/wp\/v2\/posts\/235518"}],"collection":[{"href":"https:\/\/pisofranco.gal\/api\/wp\/v2\/posts"}],"about":[{"href":"https:\/\/pisofranco.gal\/api\/wp\/v2\/types\/post"}],"author":[{"embeddable":true,"href":"https:\/\/pisofranco.gal\/api\/wp\/v2\/users\/51"}],"replies":[{"embeddable":true,"href":"https:\/\/pisofranco.gal\/api\/wp\/v2\/comments?post=235518"}],"version-history":[{"count":3,"href":"https:\/\/pisofranco.gal\/api\/wp\/v2\/posts\/235518\/revisions"}],"predecessor-version":[{"id":235539,"href":"https:\/\/pisofranco.gal\/api\/wp\/v2\/posts\/235518\/revisions\/235539"}],"wp:featuredmedia":[{"embeddable":true,"href":"https:\/\/pisofranco.gal\/api\/wp\/v2\/media\/235514"}],"wp:attachment":[{"href":"https:\/\/pisofranco.gal\/api\/wp\/v2\/media?parent=235518"}],"wp:term":[{"taxonomy":"category","embeddable":true,"href":"https:\/\/pisofranco.gal\/api\/wp\/v2\/categories?post=235518"},{"taxonomy":"post_tag","embeddable":true,"href":"https:\/\/pisofranco.gal\/api\/wp\/v2\/tags?post=235518"}],"curies":[{"name":"wp","href":"https:\/\/api.w.org\/{rel}","templated":true}]}}