{"id":244327,"date":"2022-07-01T13:59:46","date_gmt":"2022-07-01T11:59:46","guid":{"rendered":"https:\/\/pisofranco.gal\/?p=244327"},"modified":"2022-08-16T16:21:35","modified_gmt":"2022-08-16T14:21:35","slug":"tension-laboral-non-resolta","status":"publish","type":"post","link":"https:\/\/pisofranco.gal\/artigos\/2022\/07\/01\/tension-laboral-non-resolta-244327\/","title":{"rendered":"Tensi\u00f3n laboral non resolta"},"content":{"rendered":"","protected":false},"excerpt":{"rendered":"<p>Toda a tensi\u00f3n laboral que tan claramente se percibe na fotograf\u00eda non procede dun hist\u00f3rico conflito coa patronal, do incumprimento da normativa de riscos laborais ou de que ese tel\u00e9fono, fillo dunha d\u00e9cada de elementos fixos, soe ininterrumpidamente como un martelo que peta desde o pasado. A tensi\u00f3n laboral que paira sobre a reconversi\u00f3n dun &hellip;<\/p>\n","protected":false},"author":51,"featured_media":244336,"comment_status":"closed","ping_status":"closed","sticky":false,"template":"","format":"standard","meta":{"_acf_changed":false,"footnotes":""},"categories":[12],"tags":[],"class_list":["post-244327","post","type-post","status-publish","format-standard","has-post-thumbnail","hentry","category-fototexto"],"acf":[],"post_template":"fototexto","post_subscription":"yes","pretitle":"","content_extract":"Toda a tensi\u00f3n laboral que tan claramente se percibe na fotograf\u00eda non procede dun hist\u00f3rico conflito coa patronal, do incumprimento da normativa de riscos laborais ou de que ese tel\u00e9fono, fillo dunha d\u00e9cada de elementos fixos, soe ininterrumpidamente como un martelo que peta desde o pasado. A tensi\u00f3n laboral que paira sobre a reconversi\u00f3n dun...","reading_data":{"word_count":"275","reading_seconds":"66","reading_time":{"minutes":1,"hours":0,"seconds":6},"reading_string":"1'6''","reading_human":"1 minuto"},"announcement":{"finishdate":"","finishdate_text":""},"opinion":{"subject":"","subject_info":[]},"event_info":{"startdate":"","starttime":"","enddate":"","endtime":"","entertainer":null},"interview":{"interviewed":""},"phototext":{"text_author":"Camilo Franco","text_photo":"Nacho G\u00f3mez"},"video":{"video_source":""},"promotion":{"action":"default","action_data":""},"categories_list":[{"name":"M\u00e1is que Palabras","id":12,"slug":"fototexto","parent":0,"template":"default"}],"visible_author":"Camilo Franco","_links":{"self":[{"href":"https:\/\/pisofranco.gal\/api\/wp\/v2\/posts\/244327"}],"collection":[{"href":"https:\/\/pisofranco.gal\/api\/wp\/v2\/posts"}],"about":[{"href":"https:\/\/pisofranco.gal\/api\/wp\/v2\/types\/post"}],"author":[{"embeddable":true,"href":"https:\/\/pisofranco.gal\/api\/wp\/v2\/users\/51"}],"replies":[{"embeddable":true,"href":"https:\/\/pisofranco.gal\/api\/wp\/v2\/comments?post=244327"}],"version-history":[{"count":8,"href":"https:\/\/pisofranco.gal\/api\/wp\/v2\/posts\/244327\/revisions"}],"predecessor-version":[{"id":244426,"href":"https:\/\/pisofranco.gal\/api\/wp\/v2\/posts\/244327\/revisions\/244426"}],"wp:featuredmedia":[{"embeddable":true,"href":"https:\/\/pisofranco.gal\/api\/wp\/v2\/media\/244336"}],"wp:attachment":[{"href":"https:\/\/pisofranco.gal\/api\/wp\/v2\/media?parent=244327"}],"wp:term":[{"taxonomy":"category","embeddable":true,"href":"https:\/\/pisofranco.gal\/api\/wp\/v2\/categories?post=244327"},{"taxonomy":"post_tag","embeddable":true,"href":"https:\/\/pisofranco.gal\/api\/wp\/v2\/tags?post=244327"}],"curies":[{"name":"wp","href":"https:\/\/api.w.org\/{rel}","templated":true}]}}