{"id":29366,"date":"2021-03-02T10:34:25","date_gmt":"2021-03-02T09:34:25","guid":{"rendered":"https:\/\/pisofranco.gal\/?p=29366"},"modified":"2021-10-31T20:21:39","modified_gmt":"2021-10-31T19:21:39","slug":"capela-sixtina","status":"publish","type":"post","link":"https:\/\/pisofranco.gal\/artigos\/2021\/03\/02\/capela-sixtina-29366\/","title":{"rendered":"Capela Sixtina"},"content":{"rendered":"<p>Era unha feira\u00a0e incluso\u00a0xente de misa diaria tentaba disimular a prohibici\u00f3n de facer unha foto. P\u00fa\u00f1anse medio de lado e as\u00ed, como quen non quere, tentaban meter no seu m\u00f3bil un pouco da grandeza desa historia que o teito e as paredes pretenden contar. \u00c9 unha historia, e mesmo pode que boa. Incluso sendo incerta. Ou precisamente por iso. Pero a polic\u00eda non \u00e9 parva e sabe que incluso os m\u00e1is aseados son desobedientes e despois de localizar o disimulando amoestaban en p\u00fablico porque unha das funci\u00f3ns do castigo \u00e9 pedag\u00f3xica.\u00a0<\/p><p>A polic\u00eda vaticana sen o menor rubor clamaba:\u00a0<em>signora,\u00a0signora, \u00e9\u00a0vietato\u00a0fare\u00a0delle\u00a0fotografie, crede che non la vedo? Saputella<\/em>.\u00a0Cando consegu\u00edas liberarte da\u00a0escenificaci\u00f3n\u00a0da fotograf\u00eda m\u00f3bil e mirabas contra arriba asomaba esa demostraci\u00f3n\u00a0palmaria\u00a0de que\u00a0os\u00a0cartos da igrexa cat\u00f3lica non son\u00a0para misericordias.\u00a0\u00a0<\/p><p>O curioso da Capela&nbsp;Sixtina&nbsp;\u00e9 que no centro exacto desa demostraci\u00f3n de poder\u00edo art\u00edstico&nbsp;non hai nada. Entre eses dous dedos a punto de tocarse&nbsp;queda un&nbsp;lugar morto. O espazo incerto. Nese baleiro queda a posibilidade de que a vida sexa&nbsp;un azar. A\u00ednda que o expliquen&nbsp;doutro xeito.&nbsp;Sempre hai que pasarse a&nbsp;<em>palomita<\/em>.&nbsp;<\/p><p>Esta tam\u00e9n pode ser unha feira.\u00a0Hai un azar, un suspense e algo m\u00e1is que un sopro de vida nesta transmisi\u00f3n\u00a0sixtina\u00a0da xerra.\u00a0A\u00ednda que sexa\u00a0a mesma grandeza. Aqu\u00ed hai m\u00e1is vida.\u00a0Como\u00a0somos materialistas\u00a0preferimos pasar\u00a0algo\u00a0concreto, \u00fatil. Con decisi\u00f3n, como para que ningu\u00e9n poida dicir\u00a0que cando un\u00a0galego pasa unha xerra\u00a0queda\u00a0a d\u00fabida de se vai ou v\u00e9n.\u00a0Non hai d\u00fabida.\u00a0Vai e v\u00e9n porque a vida \u00e9 ida e volta.\u00a0<\/p><p class=\"wp-block-verse\">Texto e foto foron publicados no n\u00ba 247  de Tempos Novos. 12\/2017<\/p>","protected":false},"excerpt":{"rendered":"<p>Era unha feira\u00a0e incluso\u00a0xente de misa diaria tentaba disimular a prohibici\u00f3n de facer unha foto. P\u00fa\u00f1anse medio de lado e as\u00ed, como quen non quere, tentaban meter no seu m\u00f3bil un pouco da grandeza desa historia que o teito e as paredes pretenden contar. \u00c9 unha historia, e mesmo pode que boa. Incluso sendo incerta. &hellip;<\/p>\n","protected":false},"author":51,"featured_media":29410,"comment_status":"closed","ping_status":"closed","sticky":false,"template":"","format":"standard","meta":{"_acf_changed":false,"footnotes":""},"categories":[12],"tags":[119,120,121,122],"class_list":["post-29366","post","type-post","status-publish","format-standard","has-post-thumbnail","hentry","category-fototexto","tag-antroido","tag-moncho-fuentes","tag-marvel","tag-sixtina"],"acf":[],"post_template":"fototexto","post_subscription":"no","pretitle":"","content_extract":"Era unha feira\u00a0e incluso\u00a0xente de misa diaria tentaba disimular a prohibici\u00f3n de facer unha foto. P\u00fa\u00f1anse medio de lado e as\u00ed, como quen non quere, tentaban meter no seu m\u00f3bil un pouco da grandeza desa historia que o teito e as paredes pretenden contar. \u00c9 unha historia, e mesmo pode que boa. Incluso sendo incerta....","reading_data":{"word_count":"249","reading_seconds":"59","reading_time":{"minutes":0,"hours":0,"seconds":59},"reading_string":"59''","reading_human":"<1 minuto"},"announcement":{"finishdate":"","finishdate_text":""},"opinion":{"subject":"","subject_info":[{"title":"","description":""}]},"event_info":{"startdate":"","starttime":"","enddate":"","endtime":"","entertainer":null},"interview":{"interviewed":""},"phototext":{"text_author":"Camilo Franco","text_photo":"Moncho Fuentes"},"video":{"video_source":""},"promotion":null,"categories_list":[{"name":"M\u00e1is que Palabras","id":12,"slug":"fototexto","parent":0,"template":"default"}],"visible_author":"Camilo Franco","_links":{"self":[{"href":"https:\/\/pisofranco.gal\/api\/wp\/v2\/posts\/29366"}],"collection":[{"href":"https:\/\/pisofranco.gal\/api\/wp\/v2\/posts"}],"about":[{"href":"https:\/\/pisofranco.gal\/api\/wp\/v2\/types\/post"}],"author":[{"embeddable":true,"href":"https:\/\/pisofranco.gal\/api\/wp\/v2\/users\/51"}],"replies":[{"embeddable":true,"href":"https:\/\/pisofranco.gal\/api\/wp\/v2\/comments?post=29366"}],"version-history":[{"count":21,"href":"https:\/\/pisofranco.gal\/api\/wp\/v2\/posts\/29366\/revisions"}],"predecessor-version":[{"id":124849,"href":"https:\/\/pisofranco.gal\/api\/wp\/v2\/posts\/29366\/revisions\/124849"}],"wp:featuredmedia":[{"embeddable":true,"href":"https:\/\/pisofranco.gal\/api\/wp\/v2\/media\/29410"}],"wp:attachment":[{"href":"https:\/\/pisofranco.gal\/api\/wp\/v2\/media?parent=29366"}],"wp:term":[{"taxonomy":"category","embeddable":true,"href":"https:\/\/pisofranco.gal\/api\/wp\/v2\/categories?post=29366"},{"taxonomy":"post_tag","embeddable":true,"href":"https:\/\/pisofranco.gal\/api\/wp\/v2\/tags?post=29366"}],"curies":[{"name":"wp","href":"https:\/\/api.w.org\/{rel}","templated":true}]}}