{"id":314121,"date":"2022-12-09T14:49:35","date_gmt":"2022-12-09T13:49:35","guid":{"rendered":"https:\/\/pisofranco.gal\/?p=314121"},"modified":"2023-08-17T19:07:08","modified_gmt":"2023-08-17T17:07:08","slug":"galiza-galicia-galicia-negra","status":"publish","type":"post","link":"https:\/\/pisofranco.gal\/artigos\/2022\/12\/09\/galiza-galicia-galicia-negra-314121\/","title":{"rendered":"Galiza, Galicia, Galicia negra"},"content":{"rendered":"","protected":false},"excerpt":{"rendered":"<p>Galicia \u00e9 unha naci\u00f3n sen estado de \u00e1nimo. Ten dous nomes, ningunha unanimidade real e unha tendencia suicida a encontrar as s\u00faas raz\u00f3ns de ser no pasado. De cando en vez, as\u00e1ltase a si propia por alg\u00fan motivo simb\u00f3lico que deriva en argumento identitario, lev\u00e1ntase a poeira e queda a idea de que somos capaces de rebelarnos contra os sinais pero non contra a realidade. Po\u00f1\u00e9moslle moitas ganas ao simb\u00f3lico. A realidade \u00e9 outra batalla.<\/p>\n","protected":false},"author":51,"featured_media":314154,"comment_status":"closed","ping_status":"closed","sticky":false,"template":"","format":"standard","meta":{"_acf_changed":false,"footnotes":""},"categories":[174],"tags":[],"class_list":["post-314121","post","type-post","status-publish","format-standard","has-post-thumbnail","hentry","category-fatiga-ocular"],"acf":[],"post_template":"reportaxe","post_subscription":"yes","pretitle":"","content_extract":"A autoestima dos galegos \u00e9 sufridora. Estamos m\u00e1is pendentes do que din de n\u00f3s que do que n\u00f3s temos que dicir de n\u00f3s mesmos (e dos demais). A autoestima dos galegos non \u00e9 sequera moeda pol\u00edtica de cambio porque vai sendo remexida por aniversarios luctuosos, por pel\u00edculas, por ignorancias e case permanentemente polo Consello da...","reading_data":{"word_count":"1192","reading_seconds":"286","reading_time":{"minutes":4,"hours":0,"seconds":46},"reading_string":"4'46''","reading_human":"5 minutos"},"announcement":{"finishdate":"","finishdate_text":""},"opinion":{"subject":"","subject_info":[]},"event_info":{"startdate":"","starttime":"","enddate":"","endtime":"","entertainer":null},"interview":{"interviewed":""},"phototext":{"text_author":"","text_photo":""},"video":{"video_source":""},"promotion":{"action":"default","action_data":""},"categories_list":[{"name":"Fatiga Ocular","id":174,"slug":"fatiga-ocular","parent":0,"template":"default"}],"visible_author":"Camilo Franco","_links":{"self":[{"href":"https:\/\/pisofranco.gal\/api\/wp\/v2\/posts\/314121"}],"collection":[{"href":"https:\/\/pisofranco.gal\/api\/wp\/v2\/posts"}],"about":[{"href":"https:\/\/pisofranco.gal\/api\/wp\/v2\/types\/post"}],"author":[{"embeddable":true,"href":"https:\/\/pisofranco.gal\/api\/wp\/v2\/users\/51"}],"replies":[{"embeddable":true,"href":"https:\/\/pisofranco.gal\/api\/wp\/v2\/comments?post=314121"}],"version-history":[{"count":22,"href":"https:\/\/pisofranco.gal\/api\/wp\/v2\/posts\/314121\/revisions"}],"predecessor-version":[{"id":314532,"href":"https:\/\/pisofranco.gal\/api\/wp\/v2\/posts\/314121\/revisions\/314532"}],"wp:featuredmedia":[{"embeddable":true,"href":"https:\/\/pisofranco.gal\/api\/wp\/v2\/media\/314154"}],"wp:attachment":[{"href":"https:\/\/pisofranco.gal\/api\/wp\/v2\/media?parent=314121"}],"wp:term":[{"taxonomy":"category","embeddable":true,"href":"https:\/\/pisofranco.gal\/api\/wp\/v2\/categories?post=314121"},{"taxonomy":"post_tag","embeddable":true,"href":"https:\/\/pisofranco.gal\/api\/wp\/v2\/tags?post=314121"}],"curies":[{"name":"wp","href":"https:\/\/api.w.org\/{rel}","templated":true}]}}