{"id":316619,"date":"2022-12-13T19:06:14","date_gmt":"2022-12-13T18:06:14","guid":{"rendered":"https:\/\/pisofranco.gal\/?p=316619"},"modified":"2025-01-08T18:49:35","modified_gmt":"2025-01-08T17:49:35","slug":"asimetria","status":"publish","type":"post","link":"https:\/\/pisofranco.gal\/artigos\/2022\/12\/13\/asimetria-316619\/","title":{"rendered":"Asimetr\u00eda"},"content":{"rendered":"","protected":false},"excerpt":{"rendered":"<p>O valor das sociedades non \u00e9 igual \u00e1 suma do valor dos seus individuos. E desde Hari Seldon en adiante est\u00e1 demostrado literariamente que \u00e9 m\u00e1is predecible o comportamento colectivo que o particular. Seldon explicou que \u00e9 m\u00e1is predicible o colectivo que o persoal e por iso podes pensar que a Pedro S\u00e1nchez lle quedan &hellip;<\/p>\n","protected":false},"author":51,"featured_media":316637,"comment_status":"closed","ping_status":"closed","sticky":false,"template":"","format":"standard","meta":{"_acf_changed":false,"footnotes":""},"categories":[12],"tags":[],"class_list":["post-316619","post","type-post","status-publish","format-standard","has-post-thumbnail","hentry","category-fototexto"],"acf":[],"post_template":"fototexto","post_subscription":"yes","pretitle":"","content_extract":"O valor das sociedades non \u00e9 igual \u00e1 suma do valor dos seus individuos. E desde Hari Seldon en adiante est\u00e1 demostrado literariamente que \u00e9 m\u00e1is predecible o comportamento colectivo que o particular. Seldon explicou que \u00e9 m\u00e1is predicible o colectivo que o persoal e por iso podes pensar que a Pedro S\u00e1nchez lle quedan...","reading_data":{"word_count":"318","reading_seconds":"76","reading_time":{"minutes":1,"hours":0,"seconds":16},"reading_string":"1'16''","reading_human":"1 minuto"},"announcement":{"finishdate":"","finishdate_text":""},"opinion":{"subject":"","subject_info":[]},"event_info":{"startdate":"","starttime":"","enddate":"","endtime":"","entertainer":null},"interview":{"interviewed":""},"phototext":{"text_author":"Camilo Franco","text_photo":"Nacho G\u00f3mez"},"video":{"video_source":""},"promotion":{"action":"default","action_data":""},"categories_list":[{"name":"M\u00e1is que Palabras","id":12,"slug":"fototexto","parent":0,"template":"default"}],"visible_author":"Camilo Franco","_links":{"self":[{"href":"https:\/\/pisofranco.gal\/api\/wp\/v2\/posts\/316619"}],"collection":[{"href":"https:\/\/pisofranco.gal\/api\/wp\/v2\/posts"}],"about":[{"href":"https:\/\/pisofranco.gal\/api\/wp\/v2\/types\/post"}],"author":[{"embeddable":true,"href":"https:\/\/pisofranco.gal\/api\/wp\/v2\/users\/51"}],"replies":[{"embeddable":true,"href":"https:\/\/pisofranco.gal\/api\/wp\/v2\/comments?post=316619"}],"version-history":[{"count":5,"href":"https:\/\/pisofranco.gal\/api\/wp\/v2\/posts\/316619\/revisions"}],"predecessor-version":[{"id":316865,"href":"https:\/\/pisofranco.gal\/api\/wp\/v2\/posts\/316619\/revisions\/316865"}],"wp:featuredmedia":[{"embeddable":true,"href":"https:\/\/pisofranco.gal\/api\/wp\/v2\/media\/316637"}],"wp:attachment":[{"href":"https:\/\/pisofranco.gal\/api\/wp\/v2\/media?parent=316619"}],"wp:term":[{"taxonomy":"category","embeddable":true,"href":"https:\/\/pisofranco.gal\/api\/wp\/v2\/categories?post=316619"},{"taxonomy":"post_tag","embeddable":true,"href":"https:\/\/pisofranco.gal\/api\/wp\/v2\/tags?post=316619"}],"curies":[{"name":"wp","href":"https:\/\/api.w.org\/{rel}","templated":true}]}}