{"id":344317,"date":"2023-02-11T09:00:54","date_gmt":"2023-02-11T08:00:54","guid":{"rendered":"https:\/\/pisofranco.gal\/?p=344317"},"modified":"2023-03-08T13:41:38","modified_gmt":"2023-03-08T12:41:38","slug":"facebook-era-isto-2","status":"publish","type":"post","link":"https:\/\/pisofranco.gal\/artigos\/2023\/02\/11\/facebook-era-isto-2-344317\/","title":{"rendered":"9 | Facebook era isto"},"content":{"rendered":"","protected":false},"excerpt":{"rendered":"<p>Pregunta secreta: Qui\u00e9n vive en la pi\u00f1a debajo del mar.&nbsp;Respuesta: Alcalde esponja.Traballo no concello, estou m\u00e1is interesado nas mulleres que nos homes, estudei&nbsp;en Ourense. E fotos, agora deber\u00eda meter fotos. Valer\u00e1 a dos carteis. Que andas a pensar. Dan por feito que penso algo e quizais aqu\u00ed deber\u00eda po\u00f1er:&nbsp;busco cantante famoso ou c\u00e1mbianse licencias por &hellip;<\/p>\n","protected":false},"author":51,"featured_media":344340,"comment_status":"closed","ping_status":"closed","sticky":false,"template":"","format":"standard","meta":{"_acf_changed":false,"footnotes":""},"categories":[173,231],"tags":[],"class_list":["post-344317","post","type-post","status-publish","format-standard","has-post-thumbnail","hentry","category-balada-triste-de-moqueta","category-libros"],"acf":[],"post_template":"narrativa","post_subscription":"yes","pretitle":"","content_extract":"Pregunta secreta: Qui\u00e9n vive en la pi\u00f1a debajo del mar.&nbsp;Respuesta: Alcalde esponja.Traballo no concello, estou m\u00e1is interesado nas mulleres que nos homes, estudei&nbsp;en Ourense. E fotos, agora deber\u00eda meter fotos. Valer\u00e1 a dos carteis. Que andas a pensar. Dan por feito que penso algo e quizais aqu\u00ed deber\u00eda po\u00f1er:&nbsp;busco cantante famoso ou c\u00e1mbianse licencias por...","reading_data":{"word_count":"253","reading_seconds":"60","reading_time":{"minutes":1,"hours":0,"seconds":0},"reading_string":"1'","reading_human":"1 minuto"},"announcement":{"finishdate":"","finishdate_text":""},"opinion":{"subject":"","subject_info":[]},"event_info":{"startdate":"","starttime":"","enddate":"","endtime":"","entertainer":null},"interview":{"interviewed":""},"phototext":{"text_author":"","text_photo":""},"video":{"video_source":""},"promotion":{"action":"default","action_data":""},"categories_list":[{"name":"Libros","id":231,"slug":"libros","parent":0,"template":"books"},{"name":"Balada triste de moqueta","id":173,"slug":"balada-triste-de-moqueta","parent":231,"template":"default"}],"visible_author":"Camilo Franco","_links":{"self":[{"href":"https:\/\/pisofranco.gal\/api\/wp\/v2\/posts\/344317"}],"collection":[{"href":"https:\/\/pisofranco.gal\/api\/wp\/v2\/posts"}],"about":[{"href":"https:\/\/pisofranco.gal\/api\/wp\/v2\/types\/post"}],"author":[{"embeddable":true,"href":"https:\/\/pisofranco.gal\/api\/wp\/v2\/users\/51"}],"replies":[{"embeddable":true,"href":"https:\/\/pisofranco.gal\/api\/wp\/v2\/comments?post=344317"}],"version-history":[{"count":7,"href":"https:\/\/pisofranco.gal\/api\/wp\/v2\/posts\/344317\/revisions"}],"predecessor-version":[{"id":344534,"href":"https:\/\/pisofranco.gal\/api\/wp\/v2\/posts\/344317\/revisions\/344534"}],"wp:featuredmedia":[{"embeddable":true,"href":"https:\/\/pisofranco.gal\/api\/wp\/v2\/media\/344340"}],"wp:attachment":[{"href":"https:\/\/pisofranco.gal\/api\/wp\/v2\/media?parent=344317"}],"wp:term":[{"taxonomy":"category","embeddable":true,"href":"https:\/\/pisofranco.gal\/api\/wp\/v2\/categories?post=344317"},{"taxonomy":"post_tag","embeddable":true,"href":"https:\/\/pisofranco.gal\/api\/wp\/v2\/tags?post=344317"}],"curies":[{"name":"wp","href":"https:\/\/api.w.org\/{rel}","templated":true}]}}