{"id":348859,"date":"2023-02-19T10:46:58","date_gmt":"2023-02-19T09:46:58","guid":{"rendered":"https:\/\/pisofranco.gal\/?p=348859"},"modified":"2026-02-18T09:48:54","modified_gmt":"2026-02-18T08:48:54","slug":"politica-de-sabores","status":"publish","type":"post","link":"https:\/\/pisofranco.gal\/artigos\/2023\/02\/19\/politica-de-sabores-348859\/","title":{"rendered":"Pol\u00edtica de sabores"},"content":{"rendered":"","protected":false},"excerpt":{"rendered":"<p>Mesmo persoas verdadeiramente instru\u00eddas andan marabilladas polos gobernos de esquerdas. Certamente \u00e9 marabilla un goberno de esquerdas porque gobernos de esquerdas houbo ben poucos na historia. Sobre todo da esquerda te\u00f3rica. A esquerda pol\u00edtica ten como marco xeral a idea de que gobernar \u00e9 de dereitas, como mandar, e cando se po\u00f1en a facer o &hellip;<\/p>\n","protected":false},"author":51,"featured_media":348875,"comment_status":"closed","ping_status":"closed","sticky":false,"template":"","format":"standard","meta":{"_acf_changed":false,"footnotes":""},"categories":[12],"tags":[],"class_list":["post-348859","post","type-post","status-publish","format-standard","has-post-thumbnail","hentry","category-fototexto"],"acf":[],"post_template":"fototexto","post_subscription":"yes","pretitle":"","content_extract":"Mesmo persoas verdadeiramente instru\u00eddas andan marabilladas polos gobernos de esquerdas. Certamente \u00e9 marabilla un goberno de esquerdas porque gobernos de esquerdas houbo ben poucos na historia. Sobre todo da esquerda te\u00f3rica. A esquerda pol\u00edtica ten como marco xeral a idea de que gobernar \u00e9 de dereitas, como mandar, e cando se po\u00f1en a facer o...","reading_data":{"word_count":"339","reading_seconds":"81","reading_time":{"minutes":1,"hours":0,"seconds":21},"reading_string":"1'21''","reading_human":"1 minuto"},"announcement":{"finishdate":"","finishdate_text":""},"opinion":{"subject":"","subject_info":[]},"event_info":{"startdate":"","starttime":"","enddate":"","endtime":"","entertainer":null},"interview":{"interviewed":""},"phototext":{"text_author":"Camilo Franco","text_photo":"Moncho Fuentes"},"video":{"video_source":""},"promotion":{"action":"default","action_data":""},"categories_list":[{"name":"M\u00e1is que Palabras","id":12,"slug":"fototexto","parent":0,"template":"default"}],"visible_author":"Camilo Franco","_links":{"self":[{"href":"https:\/\/pisofranco.gal\/api\/wp\/v2\/posts\/348859"}],"collection":[{"href":"https:\/\/pisofranco.gal\/api\/wp\/v2\/posts"}],"about":[{"href":"https:\/\/pisofranco.gal\/api\/wp\/v2\/types\/post"}],"author":[{"embeddable":true,"href":"https:\/\/pisofranco.gal\/api\/wp\/v2\/users\/51"}],"replies":[{"embeddable":true,"href":"https:\/\/pisofranco.gal\/api\/wp\/v2\/comments?post=348859"}],"version-history":[{"count":5,"href":"https:\/\/pisofranco.gal\/api\/wp\/v2\/posts\/348859\/revisions"}],"predecessor-version":[{"id":350929,"href":"https:\/\/pisofranco.gal\/api\/wp\/v2\/posts\/348859\/revisions\/350929"}],"wp:featuredmedia":[{"embeddable":true,"href":"https:\/\/pisofranco.gal\/api\/wp\/v2\/media\/348875"}],"wp:attachment":[{"href":"https:\/\/pisofranco.gal\/api\/wp\/v2\/media?parent=348859"}],"wp:term":[{"taxonomy":"category","embeddable":true,"href":"https:\/\/pisofranco.gal\/api\/wp\/v2\/categories?post=348859"},{"taxonomy":"post_tag","embeddable":true,"href":"https:\/\/pisofranco.gal\/api\/wp\/v2\/tags?post=348859"}],"curies":[{"name":"wp","href":"https:\/\/api.w.org\/{rel}","templated":true}]}}