{"id":370978,"date":"2023-04-23T22:25:58","date_gmt":"2023-04-23T20:25:58","guid":{"rendered":"https:\/\/pisofranco.gal\/?p=370978"},"modified":"2026-02-18T09:48:44","modified_gmt":"2026-02-18T08:48:44","slug":"ga","status":"publish","type":"post","link":"https:\/\/pisofranco.gal\/artigos\/2023\/04\/23\/ga-370978\/","title":{"rendered":"Galiza Selenita"},"content":{"rendered":"","protected":false},"excerpt":{"rendered":"<p>\u00c9 posible que Galicia non precise independencia. Nin soberan\u00eda. Non \u00e9 un pa\u00eds deste planeta. \u00c9 un pa\u00eds extraterrestre que precisa decisi\u00f3ns que non parecen deste mundo. Galicia \u00e9 un espazo que semella o cine dos anos 50. Uns d\u00edas est\u00e1 invadido por avespas asasinas sen Superm\u00e1n que as devolva ao seu continente e outros &hellip;<\/p>\n","protected":false},"author":51,"featured_media":370992,"comment_status":"closed","ping_status":"closed","sticky":false,"template":"","format":"standard","meta":{"_acf_changed":false,"footnotes":""},"categories":[12],"tags":[],"class_list":["post-370978","post","type-post","status-publish","format-standard","has-post-thumbnail","hentry","category-fototexto"],"acf":[],"post_template":"fototexto","post_subscription":"yes","pretitle":"","content_extract":"\u00c9 posible que Galicia non precise independencia. Nin soberan\u00eda. Non \u00e9 un pa\u00eds deste planeta. \u00c9 un pa\u00eds extraterrestre que precisa decisi\u00f3ns que non parecen deste mundo. Galicia \u00e9 un espazo que semella o cine dos anos 50. Uns d\u00edas est\u00e1 invadido por avespas asasinas sen Superm\u00e1n que as devolva ao seu continente e outros...","reading_data":{"word_count":"305","reading_seconds":"73","reading_time":{"minutes":1,"hours":0,"seconds":13},"reading_string":"1'13''","reading_human":"1 minuto"},"announcement":{"finishdate":"","finishdate_text":""},"opinion":{"subject":"","subject_info":[]},"event_info":{"startdate":"","starttime":"","enddate":"","endtime":"","entertainer":null},"interview":{"interviewed":""},"phototext":{"text_author":"Camilo Franco","text_photo":"Nacho G\u00f3mez"},"video":{"video_source":""},"promotion":{"action":"default","action_data":""},"categories_list":[{"name":"M\u00e1is que Palabras","id":12,"slug":"fototexto","parent":0,"template":"default"}],"visible_author":"Camilo Franco","_links":{"self":[{"href":"https:\/\/pisofranco.gal\/api\/wp\/v2\/posts\/370978"}],"collection":[{"href":"https:\/\/pisofranco.gal\/api\/wp\/v2\/posts"}],"about":[{"href":"https:\/\/pisofranco.gal\/api\/wp\/v2\/types\/post"}],"author":[{"embeddable":true,"href":"https:\/\/pisofranco.gal\/api\/wp\/v2\/users\/51"}],"replies":[{"embeddable":true,"href":"https:\/\/pisofranco.gal\/api\/wp\/v2\/comments?post=370978"}],"version-history":[{"count":5,"href":"https:\/\/pisofranco.gal\/api\/wp\/v2\/posts\/370978\/revisions"}],"predecessor-version":[{"id":371398,"href":"https:\/\/pisofranco.gal\/api\/wp\/v2\/posts\/370978\/revisions\/371398"}],"wp:featuredmedia":[{"embeddable":true,"href":"https:\/\/pisofranco.gal\/api\/wp\/v2\/media\/370992"}],"wp:attachment":[{"href":"https:\/\/pisofranco.gal\/api\/wp\/v2\/media?parent=370978"}],"wp:term":[{"taxonomy":"category","embeddable":true,"href":"https:\/\/pisofranco.gal\/api\/wp\/v2\/categories?post=370978"},{"taxonomy":"post_tag","embeddable":true,"href":"https:\/\/pisofranco.gal\/api\/wp\/v2\/tags?post=370978"}],"curies":[{"name":"wp","href":"https:\/\/api.w.org\/{rel}","templated":true}]}}