{"id":379526,"date":"2023-06-02T09:39:18","date_gmt":"2023-06-02T07:39:18","guid":{"rendered":"https:\/\/pisofranco.gal\/?p=379526"},"modified":"2026-02-18T09:53:48","modified_gmt":"2026-02-18T08:53:48","slug":"cabeza-de-vaca-rabo-de-galo-salto-do-can","status":"publish","type":"post","link":"https:\/\/pisofranco.gal\/artigos\/2023\/06\/02\/cabeza-de-vaca-rabo-de-galo-salto-do-can-379526\/","title":{"rendered":"Cabeza de Vaca, Rabo de galo, Salto do can"},"content":{"rendered":"","protected":false},"excerpt":{"rendered":"<p>Cabeza de vaca, Rabo de galo, Salto do can. Este deforme e mitol\u00f3xico animal existe: \u00e9 Ourense. Andan todos fac\u00e9ndose cruces sobre uns resultados electorais e, coma sempre, s\u00f3 se quere ver a conclusi\u00f3n e non cada unha das cousas que foron determinando unha realidade que nin \u00e9 deforme nin mitol\u00f3xica: \u00e9 s\u00f3 consecuente. En Ourense mest\u00faranse os animais, o clima \u00e9 inclemente e ata que a Academia decidiu que dialectos non, por suposto, falabamos algo distinto. Pantal\u00f3s, maos, iste, ise, aquil. Iles. Tu. E mesmo hai algo de nostalxia acomodada por non poder escribir pra. Pra facer bonito e popular.<\/p>\n","protected":false},"author":51,"featured_media":379561,"comment_status":"closed","ping_status":"closed","sticky":false,"template":"","format":"standard","meta":{"_acf_changed":false,"footnotes":""},"categories":[398],"tags":[],"class_list":["post-379526","post","type-post","status-publish","format-standard","has-post-thumbnail","hentry","category-mecanografia"],"acf":[],"post_template":"reportaxe","post_subscription":"yes","pretitle":"","content_extract":"Ourense ten varias famas. Case todas pra mal. Algunhas delas son culpa de xente de Ourense e outras, de xente que non \u00e9 capaz de ver Ourense m\u00e1is que como irrealidade. En Ourense a ficci\u00f3n \u00e9 moi importante porque \u00e9 o que podes ter cando non che deixaron outra cousa. Porque cando naces parece que...","reading_data":{"word_count":"1140","reading_seconds":"273","reading_time":{"minutes":4,"hours":0,"seconds":33},"reading_string":"4'33''","reading_human":"5 minutos"},"announcement":{"finishdate":"","finishdate_text":""},"opinion":{"subject":"","subject_info":[]},"event_info":{"startdate":"","starttime":"","enddate":"","endtime":"","entertainer":null},"interview":{"interviewed":""},"phototext":{"text_author":"","text_photo":""},"video":{"video_source":""},"promotion":{"action":"default","action_data":""},"categories_list":[{"name":"Mecanograf\u00eda","id":398,"slug":"mecanografia","parent":0,"template":"default"}],"visible_author":"Camilo Franco","_links":{"self":[{"href":"https:\/\/pisofranco.gal\/api\/wp\/v2\/posts\/379526"}],"collection":[{"href":"https:\/\/pisofranco.gal\/api\/wp\/v2\/posts"}],"about":[{"href":"https:\/\/pisofranco.gal\/api\/wp\/v2\/types\/post"}],"author":[{"embeddable":true,"href":"https:\/\/pisofranco.gal\/api\/wp\/v2\/users\/51"}],"replies":[{"embeddable":true,"href":"https:\/\/pisofranco.gal\/api\/wp\/v2\/comments?post=379526"}],"version-history":[{"count":6,"href":"https:\/\/pisofranco.gal\/api\/wp\/v2\/posts\/379526\/revisions"}],"predecessor-version":[{"id":418195,"href":"https:\/\/pisofranco.gal\/api\/wp\/v2\/posts\/379526\/revisions\/418195"}],"wp:featuredmedia":[{"embeddable":true,"href":"https:\/\/pisofranco.gal\/api\/wp\/v2\/media\/379561"}],"wp:attachment":[{"href":"https:\/\/pisofranco.gal\/api\/wp\/v2\/media?parent=379526"}],"wp:term":[{"taxonomy":"category","embeddable":true,"href":"https:\/\/pisofranco.gal\/api\/wp\/v2\/categories?post=379526"},{"taxonomy":"post_tag","embeddable":true,"href":"https:\/\/pisofranco.gal\/api\/wp\/v2\/tags?post=379526"}],"curies":[{"name":"wp","href":"https:\/\/api.w.org\/{rel}","templated":true}]}}