{"id":403836,"date":"2023-10-07T18:12:49","date_gmt":"2023-10-07T16:12:49","guid":{"rendered":"https:\/\/pisofranco.gal\/?p=403836"},"modified":"2025-09-13T02:48:05","modified_gmt":"2025-09-13T00:48:05","slug":"era-ou-non-era","status":"publish","type":"post","link":"https:\/\/pisofranco.gal\/artigos\/2023\/10\/07\/era-ou-non-era-403836\/","title":{"rendered":"Era ou non era"},"content":{"rendered":"","protected":false},"excerpt":{"rendered":"<p>Foi naquel tempo no que as compa\u00f1\u00edas de teatro sub\u00edan aos espectadores ao escenario. Por meter medo no patio de butacas. El, fuxitivo e desorientado,&nbsp;&nbsp;entrou no teatro buscando un refuxio. Chegou con manchas de sangue entre os dedos mentres un actor gracioso buscaba entre o p\u00fablico algu\u00e9n con cara de bo tipo. Viuno intranquilo e &hellip;<\/p>\n","protected":false},"author":51,"featured_media":403851,"comment_status":"closed","ping_status":"closed","sticky":false,"template":"","format":"standard","meta":{"_acf_changed":false,"footnotes":""},"categories":[98],"tags":[],"class_list":["post-403836","post","type-post","status-publish","format-standard","has-post-thumbnail","hentry","category-palabrascontadas"],"acf":[],"post_template":"narrativa","post_subscription":"yes","pretitle":"","content_extract":"Foi naquel tempo no que as compa\u00f1\u00edas de teatro sub\u00edan aos espectadores ao escenario. Por meter medo no patio de butacas. El, fuxitivo e desorientado,&nbsp;&nbsp;entrou no teatro buscando un refuxio. Chegou con manchas de sangue entre os dedos mentres un actor gracioso buscaba entre o p\u00fablico algu\u00e9n con cara de bo tipo. Viuno intranquilo e...","reading_data":{"word_count":"100","reading_seconds":"24","reading_time":{"minutes":0,"hours":0,"seconds":24},"reading_string":"24''","reading_human":"<1 minuto"},"announcement":{"finishdate":"","finishdate_text":""},"opinion":{"subject":"","subject_info":[]},"event_info":{"startdate":"","starttime":"","enddate":"","endtime":"","entertainer":null},"interview":{"interviewed":""},"phototext":{"text_author":"","text_photo":""},"video":{"video_source":""},"promotion":{"action":"default","action_data":""},"categories_list":[{"name":"Palabras Contadas","id":98,"slug":"palabrascontadas","parent":231,"template":"default"}],"visible_author":"Camilo Franco","_links":{"self":[{"href":"https:\/\/pisofranco.gal\/api\/wp\/v2\/posts\/403836"}],"collection":[{"href":"https:\/\/pisofranco.gal\/api\/wp\/v2\/posts"}],"about":[{"href":"https:\/\/pisofranco.gal\/api\/wp\/v2\/types\/post"}],"author":[{"embeddable":true,"href":"https:\/\/pisofranco.gal\/api\/wp\/v2\/users\/51"}],"replies":[{"embeddable":true,"href":"https:\/\/pisofranco.gal\/api\/wp\/v2\/comments?post=403836"}],"version-history":[{"count":5,"href":"https:\/\/pisofranco.gal\/api\/wp\/v2\/posts\/403836\/revisions"}],"predecessor-version":[{"id":513416,"href":"https:\/\/pisofranco.gal\/api\/wp\/v2\/posts\/403836\/revisions\/513416"}],"wp:featuredmedia":[{"embeddable":true,"href":"https:\/\/pisofranco.gal\/api\/wp\/v2\/media\/403851"}],"wp:attachment":[{"href":"https:\/\/pisofranco.gal\/api\/wp\/v2\/media?parent=403836"}],"wp:term":[{"taxonomy":"category","embeddable":true,"href":"https:\/\/pisofranco.gal\/api\/wp\/v2\/categories?post=403836"},{"taxonomy":"post_tag","embeddable":true,"href":"https:\/\/pisofranco.gal\/api\/wp\/v2\/tags?post=403836"}],"curies":[{"name":"wp","href":"https:\/\/api.w.org\/{rel}","templated":true}]}}