{"id":423444,"date":"2024-02-20T23:28:00","date_gmt":"2024-02-20T22:28:00","guid":{"rendered":"https:\/\/pisofranco.gal\/?p=423444"},"modified":"2025-01-08T18:51:35","modified_gmt":"2025-01-08T17:51:35","slug":"a-porta-ao-cabo-do-tunel","status":"publish","type":"post","link":"https:\/\/pisofranco.gal\/artigos\/2024\/02\/20\/a-porta-ao-cabo-do-tunel-423444\/","title":{"rendered":"A porta ao cabo do t\u00fanel"},"content":{"rendered":"<p>Como o capitalismo \u00e9 inexorable ao final dos t\u00faneles en lugar de luz hai unha porta. A porta&nbsp;marca se temos dereito \u00e1 luz salvadora ou debemos permanecer na zona de sombra. Un contador con n\u00fameros moi limitados. O estado natural das portas \u00e9 permanecer pechadas. Se as deixaramos sempre abertas poder\u00edamos vendelas e, cos cartos, darlle a volta ao capitalismo. Se soub\u00e9semos que facer. Esa porta s\u00f3 abrir\u00e1 cando a derribemos.<\/p><p>A\u00ednda que o pasado non sexa sempre mellor, antes os t\u00faneles eran en li\u00f1a recta. Non era por\u00a0nada, era por deficiencia constructiva. Pero todo pode mellorar. Agora hai t\u00faneles en curva e\u00a0\u00a0a\u00ednda que a raz\u00f3n non explique correctamente o porqu\u00e9 da curva en interiores, atravesalos volveuse moito m\u00e1is dif\u00edcil. Ese deb\u00eda ser o obxectivo, facelo todo m\u00e1is dif\u00edcil.<br><br>Foi Paul McCartney quen asegurou que ao cabo do longo e revirado cami\u00f1o ti\u00f1a que haber\u00a0unha porta que, unha vez atravesada, remataba coas dificultades de andar. Tes que chegar ao\u00a0\u00a0umbral e logo tentar empuxar. Na acci\u00f3n de empuxar \u00e9 onde comezan as d\u00fabidas. Hai quen prefire a suavidade e hai gobernantes que prefiren o patad\u00f3n.<br><br>Na contemporaneidade ao cabo dos t\u00faneles hai portas co destino natural de estar pechadas.\u00a0Te\u00f1en ferrollos e chaves pero sempre se nos di que non podemos abrilas n\u00f3s. Quen non temos habilidade, nin capacidade. Nin madurez. Que non ten pase non pasa. Sabemos\u00a0que hai luz do outro lado e quizais o oportuno non fose acabar coas portas sen\u00f3n acabar cos t\u00faneles.<\/p>","protected":false},"excerpt":{"rendered":"<p>Como o capitalismo \u00e9 inexorable ao final dos t\u00faneles en lugar de luz hai unha porta. A porta&nbsp;marca se temos dereito \u00e1 luz salvadora ou debemos permanecer na zona de sombra. Un contador con n\u00fameros moi limitados. O estado natural das portas \u00e9 permanecer pechadas. Se as deixaramos sempre abertas poder\u00edamos vendelas e, cos cartos, &hellip;<\/p>\n","protected":false},"author":51,"featured_media":423461,"comment_status":"closed","ping_status":"closed","sticky":false,"template":"","format":"standard","meta":{"_acf_changed":false,"footnotes":""},"categories":[12],"tags":[],"class_list":["post-423444","post","type-post","status-publish","format-standard","has-post-thumbnail","hentry","category-fototexto"],"acf":[],"post_template":"fototexto","post_subscription":"no","pretitle":"","content_extract":"Como o capitalismo \u00e9 inexorable ao final dos t\u00faneles en lugar de luz hai unha porta. A porta&nbsp;marca se temos dereito \u00e1 luz salvadora ou debemos permanecer na zona de sombra. Un contador con n\u00fameros moi limitados. O estado natural das portas \u00e9 permanecer pechadas. Se as deixaramos sempre abertas poder\u00edamos vendelas e, cos cartos,...","reading_data":{"word_count":"244","reading_seconds":"58","reading_time":{"minutes":0,"hours":0,"seconds":58},"reading_string":"58''","reading_human":"<1 minuto"},"announcement":{"finishdate":"","finishdate_text":""},"opinion":{"subject":"","subject_info":[]},"event_info":{"startdate":"","starttime":"","enddate":"","endtime":"","entertainer":null},"interview":{"interviewed":""},"phototext":{"text_author":"Camilo Franco","text_photo":"Moncho Fuentes"},"video":{"video_source":""},"promotion":{"action":"default","action_data":""},"categories_list":[{"name":"M\u00e1is que Palabras","id":12,"slug":"fototexto","parent":0,"template":"default"}],"visible_author":"Camilo Franco","_links":{"self":[{"href":"https:\/\/pisofranco.gal\/api\/wp\/v2\/posts\/423444"}],"collection":[{"href":"https:\/\/pisofranco.gal\/api\/wp\/v2\/posts"}],"about":[{"href":"https:\/\/pisofranco.gal\/api\/wp\/v2\/types\/post"}],"author":[{"embeddable":true,"href":"https:\/\/pisofranco.gal\/api\/wp\/v2\/users\/51"}],"replies":[{"embeddable":true,"href":"https:\/\/pisofranco.gal\/api\/wp\/v2\/comments?post=423444"}],"version-history":[{"count":7,"href":"https:\/\/pisofranco.gal\/api\/wp\/v2\/posts\/423444\/revisions"}],"predecessor-version":[{"id":423697,"href":"https:\/\/pisofranco.gal\/api\/wp\/v2\/posts\/423444\/revisions\/423697"}],"wp:featuredmedia":[{"embeddable":true,"href":"https:\/\/pisofranco.gal\/api\/wp\/v2\/media\/423461"}],"wp:attachment":[{"href":"https:\/\/pisofranco.gal\/api\/wp\/v2\/media?parent=423444"}],"wp:term":[{"taxonomy":"category","embeddable":true,"href":"https:\/\/pisofranco.gal\/api\/wp\/v2\/categories?post=423444"},{"taxonomy":"post_tag","embeddable":true,"href":"https:\/\/pisofranco.gal\/api\/wp\/v2\/tags?post=423444"}],"curies":[{"name":"wp","href":"https:\/\/api.w.org\/{rel}","templated":true}]}}