{"id":435510,"date":"2024-05-05T12:57:54","date_gmt":"2024-05-05T10:57:54","guid":{"rendered":"https:\/\/pisofranco.gal\/?p=435510"},"modified":"2025-01-08T18:51:06","modified_gmt":"2025-01-08T17:51:06","slug":"caminar-contra-a-luz","status":"publish","type":"post","link":"https:\/\/pisofranco.gal\/artigos\/2024\/05\/05\/caminar-contra-a-luz-435510\/","title":{"rendered":"Cami\u00f1ar contra a luz"},"content":{"rendered":"<p>Cami\u00f1ar cara \u00e1 luz. Esta \u00e9 a derradeira esperanza. Que quede algo aceptable en algures. A pesar da proliferaci\u00f3n dos carteis coas obras do plan Mega de electrificaci\u00f3n rural durante a \u00e9poca do desarrollismo auton\u00f3mico, e mesmo tendo en conta que os puntos de luz e os colectores protagonizan o l\u00e9xico pr\u00e1ctico das convocatorias electorais, seguen quedando moitas leiras escuras. E de cando en vez pasa un autom\u00f3bil na noite ocupando a estrada sen vocaci\u00f3n de interpretar a O\u2019Neill.<\/p><p>Que o neorrealismo padeza pobreza se debe \u00e1 renuncia do 95%&nbsp; do mundo a considerar a esperanza como a forma m\u00e1is falsa de ficci\u00f3n. Tam\u00e9n se debe a que a importancia da bolsa de valores na econom\u00eda s\u00f3 pode ser entendida como ficci\u00f3n especulativa. Que o capitalismo \u00e9 unha ficci\u00f3n dominante quedar\u00e1 demostrado en canto desaparezca o papel moeda. Nese momento comprenderemos polas bravas o significado de cami\u00f1ar contra a luz. Os extractos bancarios falar\u00e1n en c\u00f3digo e haber\u00e1 que lelos como quen cami\u00f1a contra os faros na escuridade.<\/p><p>O capitalismo \u00e9 ficcional e deslumbra. O anarcocapitalismo \u00e9 ultraficci\u00f3n terror\u00edfica. Cando falan de anarcocapitalismo en realidade deber\u00edan falar de ultracapitalismo ou capitalismo extremo. Libertario non \u00e9. Porque a anarqu\u00eda prop\u00f3n unha desaparici\u00f3n da xerarqu\u00eda na organizaci\u00f3n social para conseguir a igualdade entre individuos. O que prop\u00f3n o anarcocapitalismo \u00e9 desmontar calquera forma de poder para que s\u00f3 quede unha: a do di\u00f1eiro. S\u00f3 di\u00f1eiro, moito di\u00f1eiro. Todo o poder para a lista Forbes. A\u00ed chega un coche na noite.<\/p>","protected":false},"excerpt":{"rendered":"<p>Cami\u00f1ar cara \u00e1 luz. Esta \u00e9 a derradeira esperanza. Que quede algo aceptable en algures. A pesar da proliferaci\u00f3n dos carteis coas obras do plan Mega de electrificaci\u00f3n rural durante a \u00e9poca do desarrollismo auton\u00f3mico, e mesmo tendo en conta que os puntos de luz e os colectores protagonizan o l\u00e9xico pr\u00e1ctico das convocatorias electorais, &hellip;<\/p>\n","protected":false},"author":51,"featured_media":435528,"comment_status":"closed","ping_status":"closed","sticky":false,"template":"","format":"standard","meta":{"_acf_changed":false,"footnotes":""},"categories":[12],"tags":[],"class_list":["post-435510","post","type-post","status-publish","format-standard","has-post-thumbnail","hentry","category-fototexto"],"acf":[],"post_template":"fototexto","post_subscription":"no","pretitle":"","content_extract":"Cami\u00f1ar cara \u00e1 luz. Esta \u00e9 a derradeira esperanza. Que quede algo aceptable en algures. A pesar da proliferaci\u00f3n dos carteis coas obras do plan Mega de electrificaci\u00f3n rural durante a \u00e9poca do desarrollismo auton\u00f3mico, e mesmo tendo en conta que os puntos de luz e os colectores protagonizan o l\u00e9xico pr\u00e1ctico das convocatorias electorais,...","reading_data":{"word_count":"250","reading_seconds":"60","reading_time":{"minutes":1,"hours":0,"seconds":0},"reading_string":"1'","reading_human":"1 minuto"},"announcement":{"finishdate":"","finishdate_text":""},"opinion":{"subject":"","subject_info":[]},"event_info":{"startdate":"","starttime":"","enddate":"","endtime":"","entertainer":null},"interview":{"interviewed":""},"phototext":{"text_author":"","text_photo":""},"video":{"video_source":""},"promotion":{"action":"default","action_data":""},"categories_list":[{"name":"M\u00e1is que Palabras","id":12,"slug":"fototexto","parent":0,"template":"default"}],"visible_author":"Camilo Franco","_links":{"self":[{"href":"https:\/\/pisofranco.gal\/api\/wp\/v2\/posts\/435510"}],"collection":[{"href":"https:\/\/pisofranco.gal\/api\/wp\/v2\/posts"}],"about":[{"href":"https:\/\/pisofranco.gal\/api\/wp\/v2\/types\/post"}],"author":[{"embeddable":true,"href":"https:\/\/pisofranco.gal\/api\/wp\/v2\/users\/51"}],"replies":[{"embeddable":true,"href":"https:\/\/pisofranco.gal\/api\/wp\/v2\/comments?post=435510"}],"version-history":[{"count":2,"href":"https:\/\/pisofranco.gal\/api\/wp\/v2\/posts\/435510\/revisions"}],"predecessor-version":[{"id":435536,"href":"https:\/\/pisofranco.gal\/api\/wp\/v2\/posts\/435510\/revisions\/435536"}],"wp:featuredmedia":[{"embeddable":true,"href":"https:\/\/pisofranco.gal\/api\/wp\/v2\/media\/435528"}],"wp:attachment":[{"href":"https:\/\/pisofranco.gal\/api\/wp\/v2\/media?parent=435510"}],"wp:term":[{"taxonomy":"category","embeddable":true,"href":"https:\/\/pisofranco.gal\/api\/wp\/v2\/categories?post=435510"},{"taxonomy":"post_tag","embeddable":true,"href":"https:\/\/pisofranco.gal\/api\/wp\/v2\/tags?post=435510"}],"curies":[{"name":"wp","href":"https:\/\/api.w.org\/{rel}","templated":true}]}}