{"id":454182,"date":"2024-08-23T16:49:56","date_gmt":"2024-08-23T14:49:56","guid":{"rendered":"https:\/\/pisofranco.gal\/?p=454182"},"modified":"2025-09-13T02:49:22","modified_gmt":"2025-09-13T00:49:22","slug":"auto-biografia","status":"publish","type":"post","link":"https:\/\/pisofranco.gal\/artigos\/2024\/08\/23\/auto-biografia-454182\/","title":{"rendered":"Auto biograf\u00eda"},"content":{"rendered":"","protected":false},"excerpt":{"rendered":"<p>Non sei por que volve. Eu tan neno e tantos tempos desde aquela. O autom\u00f3bil, esganado agora pola ferruxe do abandono, levaba os asentos \u00e1speros e un escai finxindo grandezas. Eu, atr\u00e1s, cativo na dimensi\u00f3n da noite. Meu pai, serio, sorteando as curvas que baixan a Cudeiro. As farolas desped\u00edndose fuxitivas. Pero quizais foi a &hellip;<\/p>\n","protected":false},"author":51,"featured_media":454265,"comment_status":"closed","ping_status":"closed","sticky":false,"template":"","format":"standard","meta":{"_acf_changed":false,"footnotes":""},"categories":[98,231],"tags":[],"class_list":["post-454182","post","type-post","status-publish","format-standard","has-post-thumbnail","hentry","category-palabrascontadas","category-libros"],"acf":[],"post_template":"narrativa","post_subscription":"yes","pretitle":"","content_extract":"Non sei por que volve. Eu tan neno e tantos tempos desde aquela. O autom\u00f3bil, esganado agora pola ferruxe do abandono, levaba os asentos \u00e1speros e un escai finxindo grandezas. Eu, atr\u00e1s, cativo na dimensi\u00f3n da noite. Meu pai, serio, sorteando as curvas que baixan a Cudeiro. As farolas desped\u00edndose fuxitivas. Pero quizais foi a...","reading_data":{"word_count":"119","reading_seconds":"28","reading_time":{"minutes":0,"hours":0,"seconds":28},"reading_string":"28''","reading_human":"<1 minuto"},"announcement":{"finishdate":"","finishdate_text":""},"opinion":{"subject":"","subject_info":[]},"event_info":{"startdate":"","starttime":"","enddate":"","endtime":"","entertainer":null},"interview":{"interviewed":""},"phototext":{"text_author":"","text_photo":""},"video":{"video_source":""},"promotion":{"action":"default","action_data":""},"categories_list":[{"name":"Libros","id":231,"slug":"libros","parent":0,"template":"books"},{"name":"Palabras Contadas","id":98,"slug":"palabrascontadas","parent":231,"template":"default"}],"visible_author":"Camilo Franco","_links":{"self":[{"href":"https:\/\/pisofranco.gal\/api\/wp\/v2\/posts\/454182"}],"collection":[{"href":"https:\/\/pisofranco.gal\/api\/wp\/v2\/posts"}],"about":[{"href":"https:\/\/pisofranco.gal\/api\/wp\/v2\/types\/post"}],"author":[{"embeddable":true,"href":"https:\/\/pisofranco.gal\/api\/wp\/v2\/users\/51"}],"replies":[{"embeddable":true,"href":"https:\/\/pisofranco.gal\/api\/wp\/v2\/comments?post=454182"}],"version-history":[{"count":2,"href":"https:\/\/pisofranco.gal\/api\/wp\/v2\/posts\/454182\/revisions"}],"predecessor-version":[{"id":454235,"href":"https:\/\/pisofranco.gal\/api\/wp\/v2\/posts\/454182\/revisions\/454235"}],"wp:featuredmedia":[{"embeddable":true,"href":"https:\/\/pisofranco.gal\/api\/wp\/v2\/media\/454265"}],"wp:attachment":[{"href":"https:\/\/pisofranco.gal\/api\/wp\/v2\/media?parent=454182"}],"wp:term":[{"taxonomy":"category","embeddable":true,"href":"https:\/\/pisofranco.gal\/api\/wp\/v2\/categories?post=454182"},{"taxonomy":"post_tag","embeddable":true,"href":"https:\/\/pisofranco.gal\/api\/wp\/v2\/tags?post=454182"}],"curies":[{"name":"wp","href":"https:\/\/api.w.org\/{rel}","templated":true}]}}