{"id":457685,"date":"2024-09-15T12:01:56","date_gmt":"2024-09-15T10:01:56","guid":{"rendered":"https:\/\/pisofranco.gal\/?p=457685"},"modified":"2025-01-08T18:55:03","modified_gmt":"2025-01-08T17:55:03","slug":"desequilibrio-interior","status":"publish","type":"post","link":"https:\/\/pisofranco.gal\/artigos\/2024\/09\/15\/desequilibrio-interior-457685\/","title":{"rendered":"Desequilibrio interior"},"content":{"rendered":"<p>A espiral da fame non afectou a todos por igual. A miseria non \u00e9 igual en todas as partes do mundo porque, a\u00ednda que non queiramos entendelo, os adxectivos son relativos. A falta de cereal obrigou a unha parte da poboaci\u00f3n a descapitalizarse, a desprenderse das pertenzas: animais, terras, obxectos de valor. En termos econ\u00f3micos \u00e9 empobrecemento. Pero N\u00edxer xa non era un pa\u00eds rico, unha parte da s\u00faa poboaci\u00f3n non pod\u00eda descapitalizarse en absoluto. Cando chegou a vaga de fame s\u00f3 pod\u00edan resistir ou botarse aos cami\u00f1os. Fixeron as d\u00faas cousas. As mulleres bot\u00e1ronse a andar e os nenos tentaron resistir. Pero a biolox\u00eda non \u00e9 socialdem\u00f3crata.<\/p>","protected":false},"excerpt":{"rendered":"<p>A espiral da fame non afectou a todos por igual. A miseria non \u00e9 igual en todas as partes do mundo porque, a\u00ednda que non queiramos entendelo, os adxectivos son relativos. A falta de cereal obrigou a unha parte da poboaci\u00f3n a descapitalizarse, a desprenderse das pertenzas: animais, terras, obxectos de valor. En termos econ\u00f3micos &hellip;<\/p>\n","protected":false},"author":51,"featured_media":457704,"comment_status":"closed","ping_status":"closed","sticky":false,"template":"","format":"standard","meta":{"_acf_changed":false,"footnotes":""},"categories":[285,231],"tags":[],"class_list":["post-457685","post","type-post","status-publish","format-standard","has-post-thumbnail","hentry","category-nixer","category-libros"],"acf":[],"post_template":"narrativa","post_subscription":"no","pretitle":"","content_extract":"A espiral da fame non afectou a todos por igual. A miseria non \u00e9 igual en todas as partes do mundo porque, a\u00ednda que non queiramos entendelo, os adxectivos son relativos. A falta de cereal obrigou a unha parte da poboaci\u00f3n a descapitalizarse, a desprenderse das pertenzas: animais, terras, obxectos de valor. En termos econ\u00f3micos...","reading_data":{"word_count":"110","reading_seconds":"26","reading_time":{"minutes":0,"hours":0,"seconds":26},"reading_string":"26''","reading_human":"<1 minuto"},"announcement":{"finishdate":"","finishdate_text":""},"opinion":{"subject":"","subject_info":[]},"event_info":{"startdate":"","starttime":"","enddate":"","endtime":"","entertainer":null},"interview":{"interviewed":""},"phototext":{"text_author":"","text_photo":""},"video":{"video_source":""},"promotion":{"action":"default","action_data":""},"categories_list":[{"name":"Libros","id":231,"slug":"libros","parent":0,"template":"books"},{"name":"N\u00edxer","id":285,"slug":"nixer","parent":231,"template":"books"}],"visible_author":"Camilo Franco","_links":{"self":[{"href":"https:\/\/pisofranco.gal\/api\/wp\/v2\/posts\/457685"}],"collection":[{"href":"https:\/\/pisofranco.gal\/api\/wp\/v2\/posts"}],"about":[{"href":"https:\/\/pisofranco.gal\/api\/wp\/v2\/types\/post"}],"author":[{"embeddable":true,"href":"https:\/\/pisofranco.gal\/api\/wp\/v2\/users\/51"}],"replies":[{"embeddable":true,"href":"https:\/\/pisofranco.gal\/api\/wp\/v2\/comments?post=457685"}],"version-history":[{"count":2,"href":"https:\/\/pisofranco.gal\/api\/wp\/v2\/posts\/457685\/revisions"}],"predecessor-version":[{"id":457721,"href":"https:\/\/pisofranco.gal\/api\/wp\/v2\/posts\/457685\/revisions\/457721"}],"wp:featuredmedia":[{"embeddable":true,"href":"https:\/\/pisofranco.gal\/api\/wp\/v2\/media\/457704"}],"wp:attachment":[{"href":"https:\/\/pisofranco.gal\/api\/wp\/v2\/media?parent=457685"}],"wp:term":[{"taxonomy":"category","embeddable":true,"href":"https:\/\/pisofranco.gal\/api\/wp\/v2\/categories?post=457685"},{"taxonomy":"post_tag","embeddable":true,"href":"https:\/\/pisofranco.gal\/api\/wp\/v2\/tags?post=457685"}],"curies":[{"name":"wp","href":"https:\/\/api.w.org\/{rel}","templated":true}]}}