{"id":47795,"date":"2021-03-20T12:11:25","date_gmt":"2021-03-20T11:11:25","guid":{"rendered":"https:\/\/pisofranco.gal\/?p=47795"},"modified":"2021-12-03T19:07:33","modified_gmt":"2021-12-03T18:07:33","slug":"previously-on-tondela","status":"publish","type":"post","link":"https:\/\/pisofranco.gal\/artigos\/2021\/03\/20\/previously-on-tondela-47795\/","title":{"rendered":"Previously on Tondela"},"content":{"rendered":"","protected":false},"excerpt":{"rendered":"<p>Todas as caras que vexo remiten a unha anterior. Vivo en&nbsp;deja vu&nbsp;permanente e cada rostro evidencia desmemoria ou extrav\u00edo. Vivo intranquilo os paseos porque cada rostro que cruzo nas beirarr\u00faas en lugar de berrar igualdade como ser\u00eda l\u00f3xico en tempos desequilibrados, berra: non te lembras de min? E non me lembro. E fago memoria. E &hellip;<\/p>\n","protected":false},"author":51,"featured_media":47816,"comment_status":"closed","ping_status":"closed","sticky":false,"template":"","format":"standard","meta":{"_acf_changed":false,"footnotes":""},"categories":[45],"tags":[180,181],"class_list":["post-47795","post","type-post","status-publish","format-standard","has-post-thumbnail","hentry","category-narrativa","tag-tondela","tag-memoria"],"acf":[],"post_template":"narrativa","post_subscription":"yes","pretitle":"","content_extract":"Todas as caras que vexo remiten a unha anterior. Vivo en&nbsp;deja vu&nbsp;permanente e cada rostro evidencia desmemoria ou extrav\u00edo. Vivo intranquilo os paseos porque cada rostro que cruzo nas beirarr\u00faas en lugar de berrar igualdade como ser\u00eda l\u00f3xico en tempos desequilibrados, berra: non te lembras de min? E non me lembro. E fago memoria. E...","reading_data":{"word_count":"238","reading_seconds":"57","reading_time":{"minutes":0,"hours":0,"seconds":57},"reading_string":"57''","reading_human":"<1 minuto"},"announcement":{"finishdate":"","finishdate_text":""},"opinion":{"subject":"","subject_info":[]},"event_info":{"startdate":"","starttime":"","enddate":"","endtime":"","entertainer":null},"interview":{"interviewed":""},"phototext":{"text_author":"","text_photo":""},"video":{"video_source":""},"promotion":{"action":"default","action_data":""},"categories_list":[{"name":"Narrativa","id":45,"slug":"narrativa","parent":0,"template":"default"}],"visible_author":"Camilo Franco","_links":{"self":[{"href":"https:\/\/pisofranco.gal\/api\/wp\/v2\/posts\/47795"}],"collection":[{"href":"https:\/\/pisofranco.gal\/api\/wp\/v2\/posts"}],"about":[{"href":"https:\/\/pisofranco.gal\/api\/wp\/v2\/types\/post"}],"author":[{"embeddable":true,"href":"https:\/\/pisofranco.gal\/api\/wp\/v2\/users\/51"}],"replies":[{"embeddable":true,"href":"https:\/\/pisofranco.gal\/api\/wp\/v2\/comments?post=47795"}],"version-history":[{"count":6,"href":"https:\/\/pisofranco.gal\/api\/wp\/v2\/posts\/47795\/revisions"}],"predecessor-version":[{"id":133220,"href":"https:\/\/pisofranco.gal\/api\/wp\/v2\/posts\/47795\/revisions\/133220"}],"wp:featuredmedia":[{"embeddable":true,"href":"https:\/\/pisofranco.gal\/api\/wp\/v2\/media\/47816"}],"wp:attachment":[{"href":"https:\/\/pisofranco.gal\/api\/wp\/v2\/media?parent=47795"}],"wp:term":[{"taxonomy":"category","embeddable":true,"href":"https:\/\/pisofranco.gal\/api\/wp\/v2\/categories?post=47795"},{"taxonomy":"post_tag","embeddable":true,"href":"https:\/\/pisofranco.gal\/api\/wp\/v2\/tags?post=47795"}],"curies":[{"name":"wp","href":"https:\/\/api.w.org\/{rel}","templated":true}]}}