{"id":478781,"date":"2025-01-20T13:28:53","date_gmt":"2025-01-20T12:28:53","guid":{"rendered":"https:\/\/pisofranco.gal\/?p=478781"},"modified":"2025-09-13T02:35:30","modified_gmt":"2025-09-13T00:35:30","slug":"todo-o-que-ves-sera-psiquiatrico","status":"publish","type":"post","link":"https:\/\/pisofranco.gal\/artigos\/2025\/01\/20\/todo-o-que-ves-sera-psiquiatrico-478781\/","title":{"rendered":"Todo o que ves ser\u00e1 psiqui\u00e1trico"},"content":{"rendered":"","protected":false},"excerpt":{"rendered":"<p>Cando se pronunciaba o top\u00f3nimo To\u00e9n en Ourense quedaba colgando algo perturbador ou insultante, unha sombra, unha ficci\u00f3n. Como pasaba citando Conxo en Santiago. Esa nube no horizonte do nome era un hospital psqui\u00e1trico e a mala conciencia de que cando sinalas algu\u00e9n como tolo cres que ti te reclamas sensato. \u00c9 unha sala de &hellip;<\/p>\n","protected":false},"author":51,"featured_media":478796,"comment_status":"closed","ping_status":"closed","sticky":false,"template":"","format":"standard","meta":{"_acf_changed":false,"footnotes":""},"categories":[12],"tags":[],"class_list":["post-478781","post","type-post","status-publish","format-standard","has-post-thumbnail","hentry","category-fototexto"],"acf":[],"post_template":"fototexto","post_subscription":"yes","pretitle":"","content_extract":"Cando se pronunciaba o top\u00f3nimo To\u00e9n en Ourense quedaba colgando algo perturbador ou insultante, unha sombra, unha ficci\u00f3n. Como pasaba citando Conxo en Santiago. Esa nube no horizonte do nome era un hospital psqui\u00e1trico e a mala conciencia de que cando sinalas algu\u00e9n como tolo cres que ti te reclamas sensato. \u00c9 unha sala de...","reading_data":{"word_count":"246","reading_seconds":"59","reading_time":{"minutes":0,"hours":0,"seconds":59},"reading_string":"59''","reading_human":"<1 minuto"},"announcement":{"finishdate":"","finishdate_text":""},"opinion":{"subject":"","subject_info":[]},"event_info":{"startdate":"","starttime":"","enddate":"","endtime":"","entertainer":null},"interview":{"interviewed":""},"phototext":{"text_author":"Camilo Franco","text_photo":"Nacho G\u00f3mez"},"video":{"video_source":""},"promotion":{"action":"default","action_data":""},"categories_list":[{"name":"M\u00e1is que Palabras","id":12,"slug":"fototexto","parent":0,"template":"default"}],"visible_author":"Camilo Franco","_links":{"self":[{"href":"https:\/\/pisofranco.gal\/api\/wp\/v2\/posts\/478781"}],"collection":[{"href":"https:\/\/pisofranco.gal\/api\/wp\/v2\/posts"}],"about":[{"href":"https:\/\/pisofranco.gal\/api\/wp\/v2\/types\/post"}],"author":[{"embeddable":true,"href":"https:\/\/pisofranco.gal\/api\/wp\/v2\/users\/51"}],"replies":[{"embeddable":true,"href":"https:\/\/pisofranco.gal\/api\/wp\/v2\/comments?post=478781"}],"version-history":[{"count":1,"href":"https:\/\/pisofranco.gal\/api\/wp\/v2\/posts\/478781\/revisions"}],"predecessor-version":[{"id":478810,"href":"https:\/\/pisofranco.gal\/api\/wp\/v2\/posts\/478781\/revisions\/478810"}],"wp:featuredmedia":[{"embeddable":true,"href":"https:\/\/pisofranco.gal\/api\/wp\/v2\/media\/478796"}],"wp:attachment":[{"href":"https:\/\/pisofranco.gal\/api\/wp\/v2\/media?parent=478781"}],"wp:term":[{"taxonomy":"category","embeddable":true,"href":"https:\/\/pisofranco.gal\/api\/wp\/v2\/categories?post=478781"},{"taxonomy":"post_tag","embeddable":true,"href":"https:\/\/pisofranco.gal\/api\/wp\/v2\/tags?post=478781"}],"curies":[{"name":"wp","href":"https:\/\/api.w.org\/{rel}","templated":true}]}}