{"id":485187,"date":"2025-02-07T17:33:00","date_gmt":"2025-02-07T16:33:00","guid":{"rendered":"https:\/\/pisofranco.gal\/?p=485187"},"modified":"2025-02-09T14:54:54","modified_gmt":"2025-02-09T13:54:54","slug":"eu-fun-co-meu-pai-ao-monte","status":"publish","type":"post","link":"https:\/\/pisofranco.gal\/artigos\/2025\/02\/07\/eu-fun-co-meu-pai-ao-monte-485187\/","title":{"rendered":"Eu fun co meu pai ao bosque"},"content":{"rendered":"","protected":false},"excerpt":{"rendered":"<p>Sa\u00edr pola ma\u00f1\u00e1 era unha das virtudes. Cando clarexa. Cando non se distinguen os l\u00edmites das cousas por m\u00e1is que se saiban de memoria. Sa\u00edr madrugando non porque o mundo sexa outro. Sa\u00edr con medio sono porque a esa hora o mundo arrencende diferente. El explicaba que a novo, a renacido. Cun olor de vida. &hellip;<\/p>\n","protected":false},"author":51,"featured_media":485209,"comment_status":"closed","ping_status":"closed","sticky":false,"template":"","format":"standard","meta":{"_acf_changed":false,"footnotes":""},"categories":[203,45],"tags":[],"class_list":["post-485187","post","type-post","status-publish","format-standard","has-post-thumbnail","hentry","category-portada","category-narrativa"],"acf":[],"post_template":"narrativa","post_subscription":"yes","pretitle":"","content_extract":"Sa\u00edr pola ma\u00f1\u00e1 era unha das virtudes. Cando clarexa. Cando non se distinguen os l\u00edmites das cousas por m\u00e1is que se saiban de memoria. Sa\u00edr madrugando non porque o mundo sexa outro. Sa\u00edr con medio sono porque a esa hora o mundo arrencende diferente. El explicaba que a novo, a renacido. Cun olor de vida....","reading_data":{"word_count":"879","reading_seconds":"210","reading_time":{"minutes":3,"hours":0,"seconds":30},"reading_string":"3'30''","reading_human":"4 minutos"},"announcement":{"finishdate":"","finishdate_text":""},"opinion":{"subject":"","subject_info":[]},"event_info":{"startdate":"","starttime":"","enddate":"","endtime":"","entertainer":null},"interview":{"interviewed":""},"phototext":{"text_author":"","text_photo":""},"video":{"video_source":""},"promotion":{"action":"default","action_data":""},"categories_list":[{"name":"Narrativa","id":45,"slug":"narrativa","parent":0,"template":"default"}],"visible_author":"Camilo Franco","_links":{"self":[{"href":"https:\/\/pisofranco.gal\/api\/wp\/v2\/posts\/485187"}],"collection":[{"href":"https:\/\/pisofranco.gal\/api\/wp\/v2\/posts"}],"about":[{"href":"https:\/\/pisofranco.gal\/api\/wp\/v2\/types\/post"}],"author":[{"embeddable":true,"href":"https:\/\/pisofranco.gal\/api\/wp\/v2\/users\/51"}],"replies":[{"embeddable":true,"href":"https:\/\/pisofranco.gal\/api\/wp\/v2\/comments?post=485187"}],"version-history":[{"count":5,"href":"https:\/\/pisofranco.gal\/api\/wp\/v2\/posts\/485187\/revisions"}],"predecessor-version":[{"id":485864,"href":"https:\/\/pisofranco.gal\/api\/wp\/v2\/posts\/485187\/revisions\/485864"}],"wp:featuredmedia":[{"embeddable":true,"href":"https:\/\/pisofranco.gal\/api\/wp\/v2\/media\/485209"}],"wp:attachment":[{"href":"https:\/\/pisofranco.gal\/api\/wp\/v2\/media?parent=485187"}],"wp:term":[{"taxonomy":"category","embeddable":true,"href":"https:\/\/pisofranco.gal\/api\/wp\/v2\/categories?post=485187"},{"taxonomy":"post_tag","embeddable":true,"href":"https:\/\/pisofranco.gal\/api\/wp\/v2\/tags?post=485187"}],"curies":[{"name":"wp","href":"https:\/\/api.w.org\/{rel}","templated":true}]}}