{"id":490708,"date":"2025-03-21T17:20:17","date_gmt":"2025-03-21T16:20:17","guid":{"rendered":"https:\/\/pisofranco.gal\/?p=490708"},"modified":"2025-09-13T02:54:22","modified_gmt":"2025-09-13T00:54:22","slug":"o-cristo-de-kafka","status":"publish","type":"post","link":"https:\/\/pisofranco.gal\/artigos\/2025\/03\/21\/o-cristo-de-kafka-490708\/","title":{"rendered":"O cristo de Kafka"},"content":{"rendered":"","protected":false},"excerpt":{"rendered":"<p>Acordou coas mans inm\u00f3biles, os brazos r\u00edxidos, unha intensa dor na cabeza, nas palmas e cambras nas pernas. Non sent\u00eda os p\u00e9s. Ti\u00f1a a vista escurecida e para cando conseguiu abrir lixeiramente un dos ollos pareceulle que o cuarto quedaba agora m\u00e1is distante, no fondo e abaixo. Demasiada dor para reparar nos detalles. Desapareceu de &hellip;<\/p>\n","protected":false},"author":51,"featured_media":490723,"comment_status":"closed","ping_status":"closed","sticky":false,"template":"","format":"standard","meta":{"_acf_changed":false,"footnotes":""},"categories":[98,231],"tags":[],"class_list":["post-490708","post","type-post","status-publish","format-standard","has-post-thumbnail","hentry","category-palabrascontadas","category-libros"],"acf":[],"post_template":"default","post_subscription":"yes","pretitle":"","content_extract":"Acordou coas mans inm\u00f3biles, os brazos r\u00edxidos, unha intensa dor na cabeza, nas palmas e cambras nas pernas. Non sent\u00eda os p\u00e9s. Ti\u00f1a a vista escurecida e para cando conseguiu abrir lixeiramente un dos ollos pareceulle que o cuarto quedaba agora m\u00e1is distante, no fondo e abaixo. Demasiada dor para reparar nos detalles. Desapareceu de...","reading_data":{"word_count":"99","reading_seconds":"23","reading_time":{"minutes":0,"hours":0,"seconds":23},"reading_string":"23''","reading_human":"<1 minuto"},"announcement":{"finishdate":"","finishdate_text":""},"opinion":{"subject":"","subject_info":[]},"event_info":{"startdate":"","starttime":"","enddate":"","endtime":"","entertainer":null},"interview":{"interviewed":""},"phototext":{"text_author":"","text_photo":""},"video":{"video_source":""},"promotion":{"action":"default","action_data":""},"categories_list":[{"name":"Libros","id":231,"slug":"libros","parent":0,"template":"books"},{"name":"Palabras Contadas","id":98,"slug":"palabrascontadas","parent":231,"template":"default"}],"visible_author":"Camilo Franco","_links":{"self":[{"href":"https:\/\/pisofranco.gal\/api\/wp\/v2\/posts\/490708"}],"collection":[{"href":"https:\/\/pisofranco.gal\/api\/wp\/v2\/posts"}],"about":[{"href":"https:\/\/pisofranco.gal\/api\/wp\/v2\/types\/post"}],"author":[{"embeddable":true,"href":"https:\/\/pisofranco.gal\/api\/wp\/v2\/users\/51"}],"replies":[{"embeddable":true,"href":"https:\/\/pisofranco.gal\/api\/wp\/v2\/comments?post=490708"}],"version-history":[{"count":1,"href":"https:\/\/pisofranco.gal\/api\/wp\/v2\/posts\/490708\/revisions"}],"predecessor-version":[{"id":490732,"href":"https:\/\/pisofranco.gal\/api\/wp\/v2\/posts\/490708\/revisions\/490732"}],"wp:featuredmedia":[{"embeddable":true,"href":"https:\/\/pisofranco.gal\/api\/wp\/v2\/media\/490723"}],"wp:attachment":[{"href":"https:\/\/pisofranco.gal\/api\/wp\/v2\/media?parent=490708"}],"wp:term":[{"taxonomy":"category","embeddable":true,"href":"https:\/\/pisofranco.gal\/api\/wp\/v2\/categories?post=490708"},{"taxonomy":"post_tag","embeddable":true,"href":"https:\/\/pisofranco.gal\/api\/wp\/v2\/tags?post=490708"}],"curies":[{"name":"wp","href":"https:\/\/api.w.org\/{rel}","templated":true}]}}