{"id":493575,"date":"2025-04-16T20:08:29","date_gmt":"2025-04-16T18:08:29","guid":{"rendered":"https:\/\/pisofranco.gal\/?p=493575"},"modified":"2025-09-13T02:33:19","modified_gmt":"2025-09-13T00:33:19","slug":"calquera-tempo-pasado","status":"publish","type":"post","link":"https:\/\/pisofranco.gal\/artigos\/2025\/04\/16\/calquera-tempo-pasado-493575\/","title":{"rendered":"Calquera tempo pasado"},"content":{"rendered":"<p>En N\u00edxer todo remite a un tempo mellor. Os edificios ou a distribuci\u00f3n das r\u00faas ou a maneira en que se conservan as formas lembran algo anterior do que tampouco queda nostalxia. Un tempo que parece mellor que o presente. Un tempo no que os edificios foron novos e as \u00e1rbores m\u00e1is verdes e todo semellaba m\u00e1is animado. Quizais non. Nunca houbo un pasado aceptable e que isto que se interpreta como pasado fose transplantado aqu\u00ed. Que o verdor cinguido das inauguraci\u00f3ns nunca se dese e que o pa\u00eds sexa s\u00f3 unha parte m\u00e1is dese recolector de cousas vellas que \u00e9 \u00c1frica para Occidente. Que sigamos no vello costume de deixarlles os abalorios e levarnos o valioso.<\/p>","protected":false},"excerpt":{"rendered":"<p>En N\u00edxer todo remite a un tempo mellor. Os edificios ou a distribuci\u00f3n das r\u00faas ou a maneira en que se conservan as formas lembran algo anterior do que tampouco queda nostalxia. Un tempo que parece mellor que o presente. Un tempo no que os edificios foron novos e as \u00e1rbores m\u00e1is verdes e todo &hellip;<\/p>\n","protected":false},"author":51,"featured_media":493590,"comment_status":"closed","ping_status":"closed","sticky":false,"template":"","format":"standard","meta":{"_acf_changed":false,"footnotes":""},"categories":[285],"tags":[],"class_list":["post-493575","post","type-post","status-publish","format-standard","has-post-thumbnail","hentry","category-nixer"],"acf":[],"post_template":"narrativa","post_subscription":"no","pretitle":"","content_extract":"En N\u00edxer todo remite a un tempo mellor. Os edificios ou a distribuci\u00f3n das r\u00faas ou a maneira en que se conservan as formas lembran algo anterior do que tampouco queda nostalxia. Un tempo que parece mellor que o presente. Un tempo no que os edificios foron novos e as \u00e1rbores m\u00e1is verdes e todo...","reading_data":{"word_count":"119","reading_seconds":"28","reading_time":{"minutes":0,"hours":0,"seconds":28},"reading_string":"28''","reading_human":"<1 minuto"},"announcement":{"finishdate":"","finishdate_text":""},"opinion":{"subject":"","subject_info":[]},"event_info":{"startdate":"","starttime":"","enddate":"","endtime":"","entertainer":null},"interview":{"interviewed":""},"phototext":{"text_author":"","text_photo":""},"video":{"video_source":""},"promotion":{"action":"default","action_data":""},"categories_list":[{"name":"N\u00edxer","id":285,"slug":"nixer","parent":231,"template":"books"}],"visible_author":"Camilo Franco","_links":{"self":[{"href":"https:\/\/pisofranco.gal\/api\/wp\/v2\/posts\/493575"}],"collection":[{"href":"https:\/\/pisofranco.gal\/api\/wp\/v2\/posts"}],"about":[{"href":"https:\/\/pisofranco.gal\/api\/wp\/v2\/types\/post"}],"author":[{"embeddable":true,"href":"https:\/\/pisofranco.gal\/api\/wp\/v2\/users\/51"}],"replies":[{"embeddable":true,"href":"https:\/\/pisofranco.gal\/api\/wp\/v2\/comments?post=493575"}],"version-history":[{"count":3,"href":"https:\/\/pisofranco.gal\/api\/wp\/v2\/posts\/493575\/revisions"}],"predecessor-version":[{"id":493785,"href":"https:\/\/pisofranco.gal\/api\/wp\/v2\/posts\/493575\/revisions\/493785"}],"wp:featuredmedia":[{"embeddable":true,"href":"https:\/\/pisofranco.gal\/api\/wp\/v2\/media\/493590"}],"wp:attachment":[{"href":"https:\/\/pisofranco.gal\/api\/wp\/v2\/media?parent=493575"}],"wp:term":[{"taxonomy":"category","embeddable":true,"href":"https:\/\/pisofranco.gal\/api\/wp\/v2\/categories?post=493575"},{"taxonomy":"post_tag","embeddable":true,"href":"https:\/\/pisofranco.gal\/api\/wp\/v2\/tags?post=493575"}],"curies":[{"name":"wp","href":"https:\/\/api.w.org\/{rel}","templated":true}]}}