{"id":500138,"date":"2025-05-16T16:36:45","date_gmt":"2025-05-16T14:36:45","guid":{"rendered":"https:\/\/pisofranco.gal\/?p=500138"},"modified":"2025-09-13T02:32:20","modified_gmt":"2025-09-13T00:32:20","slug":"non-descansa-2","status":"publish","type":"post","link":"https:\/\/pisofranco.gal\/artigos\/2025\/05\/16\/non-descansa-2-500138\/","title":{"rendered":"Non descansa"},"content":{"rendered":"","protected":false},"excerpt":{"rendered":"<p>Sobre que descansa o poder?\u00a0O poder non descansa.\u00a0Aparque onde aparque, est\u00e1 sempre de servizo\u00a0con esa rara\u00a0localizaci\u00f3n\u00a0que non\u00a0precisa\u00a0mapas.\u00a0Necesitas preguntar se hai un m\u00e9dico na sala, pero non necesitas preguntar se est\u00e1 o poder. Seguro que est\u00e1. O constitucional e o\u00a0inmanente,\u00a0o relativo e o absoluto.\u00a0O dos c\u00edrculos e o vertical. O representativo e o vicario. O poder &hellip;<\/p>\n","protected":false},"author":51,"featured_media":500153,"comment_status":"closed","ping_status":"closed","sticky":false,"template":"","format":"standard","meta":{"_acf_changed":false,"footnotes":""},"categories":[12],"tags":[],"class_list":["post-500138","post","type-post","status-publish","format-standard","has-post-thumbnail","hentry","category-fototexto"],"acf":[],"post_template":"fototexto","post_subscription":"yes","pretitle":"","content_extract":"Sobre que descansa o poder?\u00a0O poder non descansa.\u00a0Aparque onde aparque, est\u00e1 sempre de servizo\u00a0con esa rara\u00a0localizaci\u00f3n\u00a0que non\u00a0precisa\u00a0mapas.\u00a0Necesitas preguntar se hai un m\u00e9dico na sala, pero non necesitas preguntar se est\u00e1 o poder. Seguro que est\u00e1. O constitucional e o\u00a0inmanente,\u00a0o relativo e o absoluto.\u00a0O dos c\u00edrculos e o vertical. O representativo e o vicario.O poder ten...","reading_data":{"word_count":"153","reading_seconds":"36","reading_time":{"minutes":0,"hours":0,"seconds":36},"reading_string":"36''","reading_human":"<1 minuto"},"announcement":{"finishdate":"","finishdate_text":""},"opinion":{"subject":"","subject_info":[]},"event_info":{"startdate":"","starttime":"","enddate":"","endtime":"","entertainer":null},"interview":{"interviewed":""},"phototext":{"text_author":"Camilo Franco","text_photo":"Moncho Fuentes"},"video":{"video_source":""},"promotion":{"action":"default","action_data":""},"categories_list":[{"name":"M\u00e1is que Palabras","id":12,"slug":"fototexto","parent":0,"template":"default"}],"visible_author":"Camilo Franco","_links":{"self":[{"href":"https:\/\/pisofranco.gal\/api\/wp\/v2\/posts\/500138"}],"collection":[{"href":"https:\/\/pisofranco.gal\/api\/wp\/v2\/posts"}],"about":[{"href":"https:\/\/pisofranco.gal\/api\/wp\/v2\/types\/post"}],"author":[{"embeddable":true,"href":"https:\/\/pisofranco.gal\/api\/wp\/v2\/users\/51"}],"replies":[{"embeddable":true,"href":"https:\/\/pisofranco.gal\/api\/wp\/v2\/comments?post=500138"}],"version-history":[{"count":1,"href":"https:\/\/pisofranco.gal\/api\/wp\/v2\/posts\/500138\/revisions"}],"predecessor-version":[{"id":500162,"href":"https:\/\/pisofranco.gal\/api\/wp\/v2\/posts\/500138\/revisions\/500162"}],"wp:featuredmedia":[{"embeddable":true,"href":"https:\/\/pisofranco.gal\/api\/wp\/v2\/media\/500153"}],"wp:attachment":[{"href":"https:\/\/pisofranco.gal\/api\/wp\/v2\/media?parent=500138"}],"wp:term":[{"taxonomy":"category","embeddable":true,"href":"https:\/\/pisofranco.gal\/api\/wp\/v2\/categories?post=500138"},{"taxonomy":"post_tag","embeddable":true,"href":"https:\/\/pisofranco.gal\/api\/wp\/v2\/tags?post=500138"}],"curies":[{"name":"wp","href":"https:\/\/api.w.org\/{rel}","templated":true}]}}