{"id":510906,"date":"2025-08-22T20:30:23","date_gmt":"2025-08-22T18:30:23","guid":{"rendered":"https:\/\/pisofranco.gal\/?p=510906"},"modified":"2025-09-13T02:27:24","modified_gmt":"2025-09-13T00:27:24","slug":"deberia-haber-un-espazo-para-os-que-non-temos-presa","status":"publish","type":"post","link":"https:\/\/pisofranco.gal\/artigos\/2025\/08\/22\/deberia-haber-un-espazo-para-os-que-non-temos-presa-510906\/","title":{"rendered":"Deber\u00eda haber un espazo para os que non temos pr\u00e9sa"},"content":{"rendered":"","protected":false},"excerpt":{"rendered":"<p>En moitos sentidos Manuel Lourenzo \u00e9 un escritor cunha dedicaci\u00f3n \u00e1 literatura moi por riba da media mundial. Ten un problema: \u00e9 dramaturgo e esta circunstancia impide en moitos casos que a s\u00faa escrita sexa analizada f\u00f3ra do sometemento ao teatro.<\/p>\n","protected":false},"author":51,"featured_media":510939,"comment_status":"closed","ping_status":"closed","sticky":false,"template":"","format":"standard","meta":{"_acf_changed":false,"footnotes":""},"categories":[15],"tags":[],"class_list":["post-510906","post","type-post","status-publish","format-standard","has-post-thumbnail","hentry","category-entrevista"],"acf":[],"post_template":"entrevista","post_subscription":"yes","pretitle":"","content_extract":"Publicado en La Voz de Galicia. 24 de xu\u00f1o de 2006. Suplemento Culturas -Cre que hai un prexu\u00edzo \u00e1 hora de considerar escritores aos dramaturgos?-Sen d\u00fabida ningunha. Poder\u00eda po\u00f1er un cento de exemplos pero ser\u00eda cansado. Hai case unha absoluta separaci\u00f3n entre o x\u00e9nero dram\u00e1tico como un x\u00e9nero que non se considera literario. Igual os...","reading_data":{"word_count":"1007","reading_seconds":"241","reading_time":{"minutes":4,"hours":0,"seconds":1},"reading_string":"4'1''","reading_human":"4 minutos"},"announcement":{"finishdate":"","finishdate_text":""},"opinion":{"subject":"","subject_info":[]},"event_info":{"startdate":"","starttime":"","enddate":"","endtime":"","entertainer":null},"interview":{"interviewed":"Manuel Lourenzo"},"phototext":{"text_author":"","text_photo":""},"video":{"video_source":""},"promotion":{"action":"default","action_data":""},"categories_list":[{"name":"Entrevista","id":15,"slug":"entrevista","parent":0,"template":"default"}],"visible_author":"Camilo Franco","_links":{"self":[{"href":"https:\/\/pisofranco.gal\/api\/wp\/v2\/posts\/510906"}],"collection":[{"href":"https:\/\/pisofranco.gal\/api\/wp\/v2\/posts"}],"about":[{"href":"https:\/\/pisofranco.gal\/api\/wp\/v2\/types\/post"}],"author":[{"embeddable":true,"href":"https:\/\/pisofranco.gal\/api\/wp\/v2\/users\/51"}],"replies":[{"embeddable":true,"href":"https:\/\/pisofranco.gal\/api\/wp\/v2\/comments?post=510906"}],"version-history":[{"count":2,"href":"https:\/\/pisofranco.gal\/api\/wp\/v2\/posts\/510906\/revisions"}],"predecessor-version":[{"id":510975,"href":"https:\/\/pisofranco.gal\/api\/wp\/v2\/posts\/510906\/revisions\/510975"}],"wp:featuredmedia":[{"embeddable":true,"href":"https:\/\/pisofranco.gal\/api\/wp\/v2\/media\/510939"}],"wp:attachment":[{"href":"https:\/\/pisofranco.gal\/api\/wp\/v2\/media?parent=510906"}],"wp:term":[{"taxonomy":"category","embeddable":true,"href":"https:\/\/pisofranco.gal\/api\/wp\/v2\/categories?post=510906"},{"taxonomy":"post_tag","embeddable":true,"href":"https:\/\/pisofranco.gal\/api\/wp\/v2\/tags?post=510906"}],"curies":[{"name":"wp","href":"https:\/\/api.w.org\/{rel}","templated":true}]}}