{"id":528722,"date":"2026-02-27T18:44:46","date_gmt":"2026-02-27T17:44:46","guid":{"rendered":"https:\/\/pisofranco.gal\/?p=528722"},"modified":"2026-03-08T12:36:09","modified_gmt":"2026-03-08T11:36:09","slug":"oira-mar-a-lago","status":"publish","type":"post","link":"https:\/\/pisofranco.gal\/artigos\/2026\/02\/27\/oira-mar-a-lago-528722\/","title":{"rendered":"Mar A Lago \/ Oira"},"content":{"rendered":"","protected":false},"excerpt":{"rendered":"<p>Nunca hai suficiente esperpento. Non hai l\u00edmites nesa sucesiva ampliaci\u00f3n das estremas que fan coincidir no espazo e no tempo o absurdo e o real. Desde o primeiro mandato de Donald Trump pareceu abrirse no mundo unha realidade paralela na que unha cousa e a s\u00faa parodia son o mesmo. Esta \u00e9 unha definici\u00f3n posible de esperpento e, a\u00ednda que nos USA sexa un asunto desco\u00f1ecido, o segundo mandato de Trump confirma que, sen entendelo, \u00e9 o mellor militante das cousas esperp\u00e9nticas.<\/p>\n","protected":false},"author":51,"featured_media":528746,"comment_status":"closed","ping_status":"closed","sticky":false,"template":"","format":"standard","meta":{"_acf_changed":false,"footnotes":""},"categories":[203,174],"tags":[],"class_list":["post-528722","post","type-post","status-publish","format-standard","has-post-thumbnail","hentry","category-portada","category-fatiga-ocular"],"acf":[],"post_template":"reportaxe","post_subscription":"yes","pretitle":"","content_extract":"Os Estados Unidos de Am\u00e9rica son como Ourense: un lugar no que a ficci\u00f3n ten tanto peso como a realidade, onde a pesar da fama de interesados nos asuntos dos cartos, o non comprobable segue sendo decisivo na identidade e na toma de decisi\u00f3ns. Ourense non ten petr\u00f3leo, nin ex\u00e9rcito, nin empresas m\u00e1is grandes que...","reading_data":{"word_count":"1203","reading_seconds":"288","reading_time":{"minutes":4,"hours":0,"seconds":48},"reading_string":"4'48''","reading_human":"5 minutos"},"announcement":{"finishdate":"","finishdate_text":""},"opinion":{"subject":"","subject_info":[]},"event_info":{"startdate":"","starttime":"","enddate":"","endtime":"","entertainer":null},"interview":{"interviewed":""},"phototext":{"text_author":"","text_photo":""},"video":{"video_source":""},"promotion":{"action":"default","action_data":""},"categories_list":[{"name":"Fatiga Ocular","id":174,"slug":"fatiga-ocular","parent":0,"template":"default"}],"visible_author":"Camilo Franco","_links":{"self":[{"href":"https:\/\/pisofranco.gal\/api\/wp\/v2\/posts\/528722"}],"collection":[{"href":"https:\/\/pisofranco.gal\/api\/wp\/v2\/posts"}],"about":[{"href":"https:\/\/pisofranco.gal\/api\/wp\/v2\/types\/post"}],"author":[{"embeddable":true,"href":"https:\/\/pisofranco.gal\/api\/wp\/v2\/users\/51"}],"replies":[{"embeddable":true,"href":"https:\/\/pisofranco.gal\/api\/wp\/v2\/comments?post=528722"}],"version-history":[{"count":15,"href":"https:\/\/pisofranco.gal\/api\/wp\/v2\/posts\/528722\/revisions"}],"predecessor-version":[{"id":531254,"href":"https:\/\/pisofranco.gal\/api\/wp\/v2\/posts\/528722\/revisions\/531254"}],"wp:featuredmedia":[{"embeddable":true,"href":"https:\/\/pisofranco.gal\/api\/wp\/v2\/media\/528746"}],"wp:attachment":[{"href":"https:\/\/pisofranco.gal\/api\/wp\/v2\/media?parent=528722"}],"wp:term":[{"taxonomy":"category","embeddable":true,"href":"https:\/\/pisofranco.gal\/api\/wp\/v2\/categories?post=528722"},{"taxonomy":"post_tag","embeddable":true,"href":"https:\/\/pisofranco.gal\/api\/wp\/v2\/tags?post=528722"}],"curies":[{"name":"wp","href":"https:\/\/api.w.org\/{rel}","templated":true}]}}