{"id":534445,"date":"2026-04-01T18:42:00","date_gmt":"2026-04-01T16:42:00","guid":{"rendered":"https:\/\/pisofranco.gal\/?p=534445"},"modified":"2026-04-01T19:34:14","modified_gmt":"2026-04-01T17:34:14","slug":"o-tempo-sen-madalenas","status":"publish","type":"post","link":"https:\/\/pisofranco.gal\/artigos\/2026\/04\/01\/o-tempo-sen-madalenas-534445\/","title":{"rendered":"O tempo sen madalenas"},"content":{"rendered":"","protected":false},"excerpt":{"rendered":"<p>Durante tres s\u00e9culos o tempo foi patrimonio da igrexa. Campanada vai, campanada v\u00e9n. Non \u00e9 que o tempo tivese propietario, pero a cat\u00f3lica corporaci\u00f3n encarg\u00e1base de nos lembrar como \u00eda. Para a vida moderna ser\u00eda moi importante non confundir a propiedade das cousas coa s\u00faa administraci\u00f3n. Por exemplo: o vento \u00e9 de todos, pero parece &hellip;<\/p>\n","protected":false},"author":51,"featured_media":534462,"comment_status":"closed","ping_status":"closed","sticky":false,"template":"","format":"standard","meta":{"_acf_changed":false,"footnotes":""},"categories":[203,12],"tags":[],"class_list":["post-534445","post","type-post","status-publish","format-standard","has-post-thumbnail","hentry","category-portada","category-fototexto"],"acf":[],"post_template":"fototexto","post_subscription":"yes","pretitle":"","content_extract":"Durante tres s\u00e9culos o tempo foi patrimonio da igrexa. Campanada vai, campanada v\u00e9n. Non \u00e9 que o tempo tivese propietario, pero a cat\u00f3lica corporaci\u00f3n encarg\u00e1base de nos lembrar como \u00eda. Para a vida moderna ser\u00eda moi importante non confundir a propiedade das cousas coa s\u00faa administraci\u00f3n. Por exemplo: o vento \u00e9 de todos, pero parece...","reading_data":{"word_count":"327","reading_seconds":"78","reading_time":{"minutes":1,"hours":0,"seconds":18},"reading_string":"1'18''","reading_human":"1 minuto"},"announcement":{"finishdate":"","finishdate_text":""},"opinion":{"subject":"","subject_info":[]},"event_info":{"startdate":"","starttime":"","enddate":"","endtime":"","entertainer":null},"interview":{"interviewed":""},"phototext":{"text_author":"Camilo Franco","text_photo":"Moncho Fuentes"},"video":{"video_source":""},"promotion":{"action":"default","action_data":""},"categories_list":[{"name":"M\u00e1is que Palabras","id":12,"slug":"fototexto","parent":0,"template":"default"}],"visible_author":"Camilo Franco","_links":{"self":[{"href":"https:\/\/pisofranco.gal\/api\/wp\/v2\/posts\/534445"}],"collection":[{"href":"https:\/\/pisofranco.gal\/api\/wp\/v2\/posts"}],"about":[{"href":"https:\/\/pisofranco.gal\/api\/wp\/v2\/types\/post"}],"author":[{"embeddable":true,"href":"https:\/\/pisofranco.gal\/api\/wp\/v2\/users\/51"}],"replies":[{"embeddable":true,"href":"https:\/\/pisofranco.gal\/api\/wp\/v2\/comments?post=534445"}],"version-history":[{"count":3,"href":"https:\/\/pisofranco.gal\/api\/wp\/v2\/posts\/534445\/revisions"}],"predecessor-version":[{"id":534712,"href":"https:\/\/pisofranco.gal\/api\/wp\/v2\/posts\/534445\/revisions\/534712"}],"wp:featuredmedia":[{"embeddable":true,"href":"https:\/\/pisofranco.gal\/api\/wp\/v2\/media\/534462"}],"wp:attachment":[{"href":"https:\/\/pisofranco.gal\/api\/wp\/v2\/media?parent=534445"}],"wp:term":[{"taxonomy":"category","embeddable":true,"href":"https:\/\/pisofranco.gal\/api\/wp\/v2\/categories?post=534445"},{"taxonomy":"post_tag","embeddable":true,"href":"https:\/\/pisofranco.gal\/api\/wp\/v2\/tags?post=534445"}],"curies":[{"name":"wp","href":"https:\/\/api.w.org\/{rel}","templated":true}]}}