{"id":64113,"date":"2021-04-21T20:45:35","date_gmt":"2021-04-21T18:45:35","guid":{"rendered":"https:\/\/pisofranco.gal\/?p=64113"},"modified":"2021-12-03T18:55:20","modified_gmt":"2021-12-03T17:55:20","slug":"o-romanticismo-e-o-que-nos-fode","status":"publish","type":"post","link":"https:\/\/pisofranco.gal\/artigos\/2021\/04\/21\/o-romanticismo-e-o-que-nos-fode-64113\/","title":{"rendered":"O romanticismo \u00e9 o que nos fode"},"content":{"rendered":"","protected":false},"excerpt":{"rendered":"<p>Como somos&nbsp;culturetas&nbsp;temos invertido o proceso de entender e pensamos que primeiro \u00e9 a mensaxe e logo as cousas. E d\u00e1moslle voltas e deixamos que o que sentimos no est\u00f3mago var\u00ede o discurso ata que os intereses propios parezan raz\u00f3ns colectivas. O&nbsp;Twitter&nbsp;axuda bastante.&nbsp;&nbsp;Como somos&nbsp;culturetas&nbsp;\u00e9 innecesario citar a&nbsp;Friedrich&nbsp;e, precisamente polo mesmo, \u00e9 necesario acabar con esa idea &hellip;<\/p>\n","protected":false},"author":1,"featured_media":64169,"comment_status":"closed","ping_status":"closed","sticky":false,"template":"","format":"standard","meta":{"_acf_changed":false,"footnotes":""},"categories":[12],"tags":[],"class_list":["post-64113","post","type-post","status-publish","format-standard","has-post-thumbnail","hentry","category-fototexto"],"acf":[],"post_template":"fototexto","post_subscription":"yes","pretitle":"","content_extract":"Como somos&nbsp;culturetas&nbsp;temos invertido o proceso de entender e pensamos que primeiro \u00e9 a mensaxe e logo as cousas. E d\u00e1moslle voltas e deixamos que o que sentimos no est\u00f3mago var\u00ede o discurso ata que os intereses propios parezan raz\u00f3ns colectivas. O&nbsp;Twitter&nbsp;axuda bastante.&nbsp;&nbsp;Como somos&nbsp;culturetas&nbsp;\u00e9 innecesario citar a&nbsp;Friedrich&nbsp;e, precisamente polo mesmo, \u00e9 necesario acabar con esa idea...","reading_data":{"word_count":"271","reading_seconds":"65","reading_time":{"minutes":1,"hours":0,"seconds":5},"reading_string":"1'5''","reading_human":"1 minuto"},"announcement":{"finishdate":"","finishdate_text":""},"opinion":{"subject":"","subject_info":[]},"event_info":{"startdate":"","starttime":"","enddate":"","endtime":"","entertainer":null},"interview":{"interviewed":""},"phototext":{"text_author":"Camilo Franco","text_photo":"Moncho Fuentes"},"video":{"video_source":""},"promotion":{"action":"default","action_data":""},"categories_list":[{"name":"M\u00e1is que Palabras","id":12,"slug":"fototexto","parent":0,"template":"default"}],"visible_author":"Camilo Franco","_links":{"self":[{"href":"https:\/\/pisofranco.gal\/api\/wp\/v2\/posts\/64113"}],"collection":[{"href":"https:\/\/pisofranco.gal\/api\/wp\/v2\/posts"}],"about":[{"href":"https:\/\/pisofranco.gal\/api\/wp\/v2\/types\/post"}],"author":[{"embeddable":true,"href":"https:\/\/pisofranco.gal\/api\/wp\/v2\/users\/1"}],"replies":[{"embeddable":true,"href":"https:\/\/pisofranco.gal\/api\/wp\/v2\/comments?post=64113"}],"version-history":[{"count":10,"href":"https:\/\/pisofranco.gal\/api\/wp\/v2\/posts\/64113\/revisions"}],"predecessor-version":[{"id":133113,"href":"https:\/\/pisofranco.gal\/api\/wp\/v2\/posts\/64113\/revisions\/133113"}],"wp:featuredmedia":[{"embeddable":true,"href":"https:\/\/pisofranco.gal\/api\/wp\/v2\/media\/64169"}],"wp:attachment":[{"href":"https:\/\/pisofranco.gal\/api\/wp\/v2\/media?parent=64113"}],"wp:term":[{"taxonomy":"category","embeddable":true,"href":"https:\/\/pisofranco.gal\/api\/wp\/v2\/categories?post=64113"},{"taxonomy":"post_tag","embeddable":true,"href":"https:\/\/pisofranco.gal\/api\/wp\/v2\/tags?post=64113"}],"curies":[{"name":"wp","href":"https:\/\/api.w.org\/{rel}","templated":true}]}}