{"id":169067,"date":"2022-01-15T18:20:18","date_gmt":"2022-01-15T17:20:18","guid":{"rendered":"https:\/\/pisofranco.gal\/artigos\/2022\/01\/15\/eu-tiven-unha-granxa-no-san-amaro-169067\/"},"modified":"2022-01-17T20:15:31","modified_gmt":"2022-01-17T19:15:31","slug":"eu-tiven-unha-granxa-no-san-amaro","status":"publish","type":"post","link":"https:\/\/pisofranco.gal\/es\/artigos\/2022\/01\/15\/eu-tiven-unha-granxa-no-san-amaro-169067\/","title":{"rendered":"Yo tuve una granja en San Amaro"},"content":{"rendered":"","protected":false},"excerpt":{"rendered":"<p>La melancol\u00eda puede matar. De hecho, mata. No se conocen los datos porque nadie piensa que sea relevante o que merezca cambio. La melancol\u00eda mata como mata la burricie o como la ignorancia. O la sanidad mal atendida. Mata como matan a las cuentas mal calculadas. Tampoco hay que ponerse dram\u00e1ticos&#8230; Mata como mata la vida, pero en este caso no le damos la importancia que tiene. Estamos en guerra contra la melancol\u00eda, pero no nos enteramos porque vamos perdiendo.<\/p>\n","protected":false},"author":51,"featured_media":168335,"comment_status":"closed","ping_status":"closed","sticky":false,"template":"","format":"standard","meta":{"_acf_changed":false,"footnotes":""},"categories":[199],"tags":[],"class_list":["post-169067","post","type-post","status-publish","format-standard","has-post-thumbnail","hentry","category-fatiga-ocular-es"],"acf":[],"post_template":"reportaxe","post_subscription":"yes","pretitle":"","content_extract":"Yo tuve una granja en San Amaro, pero no era m\u00eda, ni era granja. Era de mi padre y de nadie m\u00e1s. Ni siquiera de mi madre por gananciales, que eran un formalismo legal. Tampoco era una granja. No ten\u00eda las uralitas a dos aguas, ni el silo para el pienso que acab\u00f3 siendo familiar...","reading_data":{"word_count":"970","reading_seconds":"232","reading_time":{"minutes":3,"hours":0,"seconds":52},"reading_string":"3'52''","reading_human":"4 minutos"},"announcement":{"finishdate":"","finishdate_text":""},"opinion":{"subject":"","subject_info":[]},"event_info":{"startdate":"","starttime":"","enddate":"","endtime":"","entertainer":null},"interview":{"interviewed":""},"phototext":{"text_author":"","text_photo":""},"video":{"video_source":""},"promotion":{"action":"default","action_data":""},"categories_list":[{"name":"Fatiga Ocular","id":199,"slug":"fatiga-ocular-es","parent":0,"template":"default"}],"visible_author":"Camilo Franco","_links":{"self":[{"href":"https:\/\/pisofranco.gal\/es\/api\/wp\/v2\/posts\/169067"}],"collection":[{"href":"https:\/\/pisofranco.gal\/es\/api\/wp\/v2\/posts"}],"about":[{"href":"https:\/\/pisofranco.gal\/es\/api\/wp\/v2\/types\/post"}],"author":[{"embeddable":true,"href":"https:\/\/pisofranco.gal\/es\/api\/wp\/v2\/users\/51"}],"replies":[{"embeddable":true,"href":"https:\/\/pisofranco.gal\/es\/api\/wp\/v2\/comments?post=169067"}],"version-history":[{"count":1,"href":"https:\/\/pisofranco.gal\/es\/api\/wp\/v2\/posts\/169067\/revisions"}],"predecessor-version":[{"id":169089,"href":"https:\/\/pisofranco.gal\/es\/api\/wp\/v2\/posts\/169067\/revisions\/169089"}],"wp:featuredmedia":[{"embeddable":true,"href":"https:\/\/pisofranco.gal\/es\/api\/wp\/v2\/media\/168335"}],"wp:attachment":[{"href":"https:\/\/pisofranco.gal\/es\/api\/wp\/v2\/media?parent=169067"}],"wp:term":[{"taxonomy":"category","embeddable":true,"href":"https:\/\/pisofranco.gal\/es\/api\/wp\/v2\/categories?post=169067"},{"taxonomy":"post_tag","embeddable":true,"href":"https:\/\/pisofranco.gal\/es\/api\/wp\/v2\/tags?post=169067"}],"curies":[{"name":"wp","href":"https:\/\/api.w.org\/{rel}","templated":true}]}}