{"id":195675,"date":"2022-03-09T12:35:38","date_gmt":"2022-03-09T11:35:38","guid":{"rendered":"https:\/\/pisofranco.gal\/artigos\/2022\/03\/09\/telegramas-desde-a-fronte-195675\/"},"modified":"2022-03-09T13:48:56","modified_gmt":"2022-03-09T12:48:56","slug":"telegramas-desde-a-fronte","status":"publish","type":"post","link":"https:\/\/pisofranco.gal\/es\/artigos\/2022\/03\/09\/telegramas-desde-a-fronte-195675\/","title":{"rendered":"Telegramas desde el frente"},"content":{"rendered":"","protected":false},"excerpt":{"rendered":"<p>En la exposici\u00f3n de Peter Lindbergh en A Coru\u00f1a hay una foto que resume la posici\u00f3n de Europa frente a la guerra. Tambi\u00e9n puede ser el resumen de la posici\u00f3n de Europa frente a la paz. La paz es una foto. La paz es un asunto est\u00e9tico, un reclamo en medio de una apariencia inestable, &hellip;<\/p>\n","protected":false},"author":51,"featured_media":195569,"comment_status":"closed","ping_status":"closed","sticky":false,"template":"","format":"standard","meta":{"_acf_changed":false,"footnotes":""},"categories":[60],"tags":[],"class_list":["post-195675","post","type-post","status-publish","format-standard","has-post-thumbnail","hentry","category-critica"],"acf":[],"post_template":"opinion","post_subscription":"yes","pretitle":"","content_extract":"En la exposici\u00f3n de Peter Lindbergh en A Coru\u00f1a hay una foto que resume la posici\u00f3n de Europa frente a la guerra. Tambi\u00e9n puede ser el resumen de la posici\u00f3n de Europa frente a la paz. La paz es una foto. La paz es un asunto est\u00e9tico, un reclamo en medio de una apariencia inestable,...","reading_data":{"word_count":"1271","reading_seconds":"305","reading_time":{"minutes":5,"hours":0,"seconds":5},"reading_string":"5'5''","reading_human":"5 minutos"},"announcement":{"finishdate":"","finishdate_text":""},"opinion":{"subject":"","subject_info":[]},"event_info":{"startdate":"","starttime":"","enddate":"","endtime":"","entertainer":null},"interview":{"interviewed":""},"phototext":{"text_author":"","text_photo":""},"video":{"video_source":""},"promotion":{"action":"default","action_data":""},"categories_list":[{"name":"Cr\u00edtica","id":60,"slug":"critica","parent":0,"template":"default"}],"visible_author":"Camilo Franco","_links":{"self":[{"href":"https:\/\/pisofranco.gal\/es\/api\/wp\/v2\/posts\/195675"}],"collection":[{"href":"https:\/\/pisofranco.gal\/es\/api\/wp\/v2\/posts"}],"about":[{"href":"https:\/\/pisofranco.gal\/es\/api\/wp\/v2\/types\/post"}],"author":[{"embeddable":true,"href":"https:\/\/pisofranco.gal\/es\/api\/wp\/v2\/users\/51"}],"replies":[{"embeddable":true,"href":"https:\/\/pisofranco.gal\/es\/api\/wp\/v2\/comments?post=195675"}],"version-history":[{"count":1,"href":"https:\/\/pisofranco.gal\/es\/api\/wp\/v2\/posts\/195675\/revisions"}],"predecessor-version":[{"id":195716,"href":"https:\/\/pisofranco.gal\/es\/api\/wp\/v2\/posts\/195675\/revisions\/195716"}],"wp:featuredmedia":[{"embeddable":true,"href":"https:\/\/pisofranco.gal\/es\/api\/wp\/v2\/media\/195569"}],"wp:attachment":[{"href":"https:\/\/pisofranco.gal\/es\/api\/wp\/v2\/media?parent=195675"}],"wp:term":[{"taxonomy":"category","embeddable":true,"href":"https:\/\/pisofranco.gal\/es\/api\/wp\/v2\/categories?post=195675"},{"taxonomy":"post_tag","embeddable":true,"href":"https:\/\/pisofranco.gal\/es\/api\/wp\/v2\/tags?post=195675"}],"curies":[{"name":"wp","href":"https:\/\/api.w.org\/{rel}","templated":true}]}}