{"id":219744,"date":"2022-04-26T18:29:06","date_gmt":"2022-04-26T16:29:06","guid":{"rendered":"https:\/\/pisofranco.gal\/artigos\/2022\/04\/26\/cronica-da-critica-219744\/"},"modified":"2022-04-26T18:55:45","modified_gmt":"2022-04-26T16:55:45","slug":"cronica-da-critica","status":"publish","type":"post","link":"https:\/\/pisofranco.gal\/es\/artigos\/2022\/04\/26\/cronica-da-critica-219744\/","title":{"rendered":"Cr\u00f3nica de la cr\u00edtica"},"content":{"rendered":"","protected":false},"excerpt":{"rendered":"<p>El entretiempo me pone melanc\u00f3lico. Al contrario que al resto de los gallegos, tan decididos en echarle la culpa de todo a la humedad. El tiempo sin definir ponme melanc\u00f3lico c\u00f3mo espectador y en lugar de ser objetivo, como pide todo el mundo con sus intereses inmediatos, solo me da la cabeza para ser coherente. &hellip;<\/p>\n","protected":false},"author":51,"featured_media":219729,"comment_status":"closed","ping_status":"closed","sticky":false,"template":"","format":"standard","meta":{"_acf_changed":false,"footnotes":""},"categories":[199],"tags":[],"class_list":["post-219744","post","type-post","status-publish","format-standard","has-post-thumbnail","hentry","category-fatiga-ocular-es"],"acf":[],"post_template":"default","post_subscription":"yes","pretitle":"","content_extract":"El entretiempo me pone melanc\u00f3lico. Al contrario que al resto de los gallegos, tan decididos en echarle la culpa de todo a la humedad. El tiempo sin definir ponme melanc\u00f3lico c\u00f3mo espectador y en lugar de ser objetivo, como pide todo el mundo con sus intereses inmediatos, solo me da la cabeza para ser coherente....","reading_data":{"word_count":"606","reading_seconds":"145","reading_time":{"minutes":2,"hours":0,"seconds":25},"reading_string":"2'25''","reading_human":"2 minutos"},"announcement":{"finishdate":"","finishdate_text":""},"opinion":{"subject":"","subject_info":[]},"event_info":{"startdate":"","starttime":"","enddate":"","endtime":"","entertainer":null},"interview":{"interviewed":""},"phototext":{"text_author":"","text_photo":""},"video":{"video_source":""},"promotion":{"action":"default","action_data":""},"categories_list":[{"name":"Fatiga Ocular","id":199,"slug":"fatiga-ocular-es","parent":0,"template":"default"}],"visible_author":"Camilo Franco","_links":{"self":[{"href":"https:\/\/pisofranco.gal\/es\/api\/wp\/v2\/posts\/219744"}],"collection":[{"href":"https:\/\/pisofranco.gal\/es\/api\/wp\/v2\/posts"}],"about":[{"href":"https:\/\/pisofranco.gal\/es\/api\/wp\/v2\/types\/post"}],"author":[{"embeddable":true,"href":"https:\/\/pisofranco.gal\/es\/api\/wp\/v2\/users\/51"}],"replies":[{"embeddable":true,"href":"https:\/\/pisofranco.gal\/es\/api\/wp\/v2\/comments?post=219744"}],"version-history":[{"count":1,"href":"https:\/\/pisofranco.gal\/es\/api\/wp\/v2\/posts\/219744\/revisions"}],"predecessor-version":[{"id":219755,"href":"https:\/\/pisofranco.gal\/es\/api\/wp\/v2\/posts\/219744\/revisions\/219755"}],"wp:featuredmedia":[{"embeddable":true,"href":"https:\/\/pisofranco.gal\/es\/api\/wp\/v2\/media\/219729"}],"wp:attachment":[{"href":"https:\/\/pisofranco.gal\/es\/api\/wp\/v2\/media?parent=219744"}],"wp:term":[{"taxonomy":"category","embeddable":true,"href":"https:\/\/pisofranco.gal\/es\/api\/wp\/v2\/categories?post=219744"},{"taxonomy":"post_tag","embeddable":true,"href":"https:\/\/pisofranco.gal\/es\/api\/wp\/v2\/tags?post=219744"}],"curies":[{"name":"wp","href":"https:\/\/api.w.org\/{rel}","templated":true}]}}