{"id":231452,"date":"2022-05-27T18:53:29","date_gmt":"2022-05-27T16:53:29","guid":{"rendered":"https:\/\/pisofranco.gal\/artigos\/2022\/05\/27\/5-os-anonimos-son-desconecidos-231452\/"},"modified":"2022-05-27T19:58:24","modified_gmt":"2022-05-27T17:58:24","slug":"5-os-anonimos-son-desconecidos","status":"publish","type":"post","link":"https:\/\/pisofranco.gal\/es\/artigos\/2022\/05\/27\/5-os-anonimos-son-desconecidos-231452\/","title":{"rendered":"5 | Los an\u00f3nimos son desconocidos"},"content":{"rendered":"","protected":false},"excerpt":{"rendered":"<p>Lo recogieron al lado de la farmacia. Entr\u00f3 por la puerta de atr\u00e1s de un Audi. Delante iba el alcalde, conduciendo, y el comandante del puesto de la Guardia Civil. El alcalde lo mir\u00f3 por el retrovisor.-No me mires as\u00ed, hombre. Si llamamos al cura podr\u00edamos dar un golpe de estado\u2026 Cu\u00e9ntale al cabo el &hellip;<\/p>\n","protected":false},"author":51,"featured_media":231373,"comment_status":"closed","ping_status":"closed","sticky":false,"template":"","format":"standard","meta":{"_acf_changed":false,"footnotes":""},"categories":[249,246],"tags":[],"class_list":["post-231452","post","type-post","status-publish","format-standard","has-post-thumbnail","hentry","category-balada-triste-de-moqueta-es","category-libros-es"],"acf":[],"post_template":"narrativa","post_subscription":"yes","pretitle":"","content_extract":"Lo recogieron al lado de la farmacia. Entr\u00f3 por la puerta de atr\u00e1s de un Audi. Delante iba el alcalde, conduciendo, y el comandante del puesto de la Guardia Civil. El alcalde lo mir\u00f3 por el retrovisor.-No me mires as\u00ed, hombre. Si llamamos al cura podr\u00edamos dar un golpe de estado\u2026 Cu\u00e9ntale al cabo el...","reading_data":{"word_count":"668","reading_seconds":"160","reading_time":{"minutes":2,"hours":0,"seconds":40},"reading_string":"2'40''","reading_human":"3 minutos"},"announcement":{"finishdate":"","finishdate_text":""},"opinion":{"subject":"","subject_info":[]},"event_info":{"startdate":"","starttime":"","enddate":"","endtime":"","entertainer":null},"interview":{"interviewed":""},"phototext":{"text_author":"","text_photo":""},"video":{"video_source":""},"promotion":{"action":"default","action_data":""},"categories_list":[{"name":"Libros","id":246,"slug":"libros-es","parent":0,"template":"books"},{"name":"Balada triste de moqueta","id":249,"slug":"balada-triste-de-moqueta-es","parent":246,"template":"default"}],"visible_author":"Camilo Franco","_links":{"self":[{"href":"https:\/\/pisofranco.gal\/es\/api\/wp\/v2\/posts\/231452"}],"collection":[{"href":"https:\/\/pisofranco.gal\/es\/api\/wp\/v2\/posts"}],"about":[{"href":"https:\/\/pisofranco.gal\/es\/api\/wp\/v2\/types\/post"}],"author":[{"embeddable":true,"href":"https:\/\/pisofranco.gal\/es\/api\/wp\/v2\/users\/51"}],"replies":[{"embeddable":true,"href":"https:\/\/pisofranco.gal\/es\/api\/wp\/v2\/comments?post=231452"}],"version-history":[{"count":4,"href":"https:\/\/pisofranco.gal\/es\/api\/wp\/v2\/posts\/231452\/revisions"}],"predecessor-version":[{"id":231636,"href":"https:\/\/pisofranco.gal\/es\/api\/wp\/v2\/posts\/231452\/revisions\/231636"}],"wp:featuredmedia":[{"embeddable":true,"href":"https:\/\/pisofranco.gal\/es\/api\/wp\/v2\/media\/231373"}],"wp:attachment":[{"href":"https:\/\/pisofranco.gal\/es\/api\/wp\/v2\/media?parent=231452"}],"wp:term":[{"taxonomy":"category","embeddable":true,"href":"https:\/\/pisofranco.gal\/es\/api\/wp\/v2\/categories?post=231452"},{"taxonomy":"post_tag","embeddable":true,"href":"https:\/\/pisofranco.gal\/es\/api\/wp\/v2\/tags?post=231452"}],"curies":[{"name":"wp","href":"https:\/\/api.w.org\/{rel}","templated":true}]}}