{"id":244467,"date":"2022-07-01T13:59:46","date_gmt":"2022-07-01T11:59:46","guid":{"rendered":"https:\/\/pisofranco.gal\/artigos\/2022\/07\/01\/tension-laboral-non-resolta-244467\/"},"modified":"2022-07-01T14:14:59","modified_gmt":"2022-07-01T12:14:59","slug":"tension-laboral-non-resolta","status":"publish","type":"post","link":"https:\/\/pisofranco.gal\/es\/artigos\/2022\/07\/01\/tension-laboral-non-resolta-244467\/","title":{"rendered":"Tensi\u00f3n laboral no resuelta"},"content":{"rendered":"","protected":false},"excerpt":{"rendered":"<p>Toda la tensi\u00f3n laboral que tan claramente se percibe en la fotograf\u00eda no procede de un hist\u00f3rico conflicto con la patronal, del incumplimiento de la normativa de riesgos laborales o de que ese tel\u00e9fono, hijo de una d\u00e9cada de elementos fijos, suene ininterrumpidamente como un martillo que golpea desde el pasado. La tensi\u00f3n laboral que &hellip;<\/p>\n","protected":false},"author":51,"featured_media":244339,"comment_status":"closed","ping_status":"closed","sticky":false,"template":"","format":"standard","meta":{"_acf_changed":false,"footnotes":""},"categories":[57],"tags":[],"class_list":["post-244467","post","type-post","status-publish","format-standard","has-post-thumbnail","hentry","category-mas-que-palabras"],"acf":[],"post_template":"fototexto","post_subscription":"yes","pretitle":"","content_extract":"Toda la tensi\u00f3n laboral que tan claramente se percibe en la fotograf\u00eda no procede de un hist\u00f3rico conflicto con la patronal, del incumplimiento de la normativa de riesgos laborales o de que ese tel\u00e9fono, hijo de una d\u00e9cada de elementos fijos, suene ininterrumpidamente como un martillo que golpea desde el pasado. La tensi\u00f3n laboral que...","reading_data":{"word_count":"289","reading_seconds":"69","reading_time":{"minutes":1,"hours":0,"seconds":9},"reading_string":"1'9''","reading_human":"1 minuto"},"announcement":{"finishdate":"","finishdate_text":""},"opinion":{"subject":"","subject_info":[]},"event_info":{"startdate":"","starttime":"","enddate":"","endtime":"","entertainer":null},"interview":{"interviewed":""},"phototext":{"text_author":"Camilo Franco","text_photo":"Nacho G\u00f3mez"},"video":{"video_source":""},"promotion":{"action":"default","action_data":""},"categories_list":[{"name":"M\u00e1s que palabras","id":57,"slug":"mas-que-palabras","parent":0,"template":"default"}],"visible_author":"Camilo Franco","_links":{"self":[{"href":"https:\/\/pisofranco.gal\/es\/api\/wp\/v2\/posts\/244467"}],"collection":[{"href":"https:\/\/pisofranco.gal\/es\/api\/wp\/v2\/posts"}],"about":[{"href":"https:\/\/pisofranco.gal\/es\/api\/wp\/v2\/types\/post"}],"author":[{"embeddable":true,"href":"https:\/\/pisofranco.gal\/es\/api\/wp\/v2\/users\/51"}],"replies":[{"embeddable":true,"href":"https:\/\/pisofranco.gal\/es\/api\/wp\/v2\/comments?post=244467"}],"version-history":[{"count":1,"href":"https:\/\/pisofranco.gal\/es\/api\/wp\/v2\/posts\/244467\/revisions"}],"predecessor-version":[{"id":244483,"href":"https:\/\/pisofranco.gal\/es\/api\/wp\/v2\/posts\/244467\/revisions\/244483"}],"wp:featuredmedia":[{"embeddable":true,"href":"https:\/\/pisofranco.gal\/es\/api\/wp\/v2\/media\/244339"}],"wp:attachment":[{"href":"https:\/\/pisofranco.gal\/es\/api\/wp\/v2\/media?parent=244467"}],"wp:term":[{"taxonomy":"category","embeddable":true,"href":"https:\/\/pisofranco.gal\/es\/api\/wp\/v2\/categories?post=244467"},{"taxonomy":"post_tag","embeddable":true,"href":"https:\/\/pisofranco.gal\/es\/api\/wp\/v2\/tags?post=244467"}],"curies":[{"name":"wp","href":"https:\/\/api.w.org\/{rel}","templated":true}]}}