{"id":260576,"date":"2022-08-12T12:07:19","date_gmt":"2022-08-12T10:07:19","guid":{"rendered":"https:\/\/pisofranco.gal\/artigos\/2022\/08\/12\/semper-fidelis-260576\/"},"modified":"2022-08-12T13:37:25","modified_gmt":"2022-08-12T11:37:25","slug":"semper-fidelis","status":"publish","type":"post","link":"https:\/\/pisofranco.gal\/es\/artigos\/2022\/08\/12\/semper-fidelis-260576\/","title":{"rendered":"Semper fidelis"},"content":{"rendered":"","protected":false},"excerpt":{"rendered":"<p>Debe ser costumbre del ej\u00e9rcito yanqui hacer un baile de gala antes de marchar a la guerra. Ya lo recordaba de la \u00e9poca de Fort Apache. Lo hac\u00eda, supon\u00eda, para que recibir la noticia de marchar tuviera suficiente solemnidad o, tambi\u00e9n, para que alg\u00fan oficial pudiera lucir circunstancia digna al pronunciar que el regimiento saldr\u00eda &hellip;<\/p>\n","protected":false},"author":51,"featured_media":260501,"comment_status":"closed","ping_status":"closed","sticky":false,"template":"","format":"standard","meta":{"_acf_changed":false,"footnotes":""},"categories":[256,246],"tags":[],"class_list":["post-260576","post","type-post","status-publish","format-standard","has-post-thumbnail","hentry","category-por-cuento-ajeno","category-libros-es"],"acf":[],"post_template":"narrativa","post_subscription":"yes","pretitle":"","content_extract":"Debe ser costumbre del ej\u00e9rcito yanqui hacer un baile de gala antes de marchar a la guerra. Ya lo recordaba de la \u00e9poca de Fort Apache. Lo hac\u00eda, supon\u00eda, para que recibir la noticia de marchar tuviera suficiente solemnidad o, tambi\u00e9n, para que alg\u00fan oficial pudiera lucir circunstancia digna al pronunciar que el regimiento saldr\u00eda...","reading_data":{"word_count":"324","reading_seconds":"77","reading_time":{"minutes":1,"hours":0,"seconds":17},"reading_string":"1'17''","reading_human":"1 minuto"},"announcement":{"finishdate":"","finishdate_text":""},"opinion":{"subject":"","subject_info":[]},"event_info":{"startdate":"","starttime":"","enddate":"","endtime":"","entertainer":null},"interview":{"interviewed":""},"phototext":{"text_author":"","text_photo":""},"video":{"video_source":""},"promotion":{"action":"default","action_data":""},"categories_list":[{"name":"Libros","id":246,"slug":"libros-es","parent":0,"template":"books"},{"name":"Por cuento ajeno","id":256,"slug":"por-cuento-ajeno","parent":246,"template":"default"}],"visible_author":"Camilo Franco","_links":{"self":[{"href":"https:\/\/pisofranco.gal\/es\/api\/wp\/v2\/posts\/260576"}],"collection":[{"href":"https:\/\/pisofranco.gal\/es\/api\/wp\/v2\/posts"}],"about":[{"href":"https:\/\/pisofranco.gal\/es\/api\/wp\/v2\/types\/post"}],"author":[{"embeddable":true,"href":"https:\/\/pisofranco.gal\/es\/api\/wp\/v2\/users\/51"}],"replies":[{"embeddable":true,"href":"https:\/\/pisofranco.gal\/es\/api\/wp\/v2\/comments?post=260576"}],"version-history":[{"count":2,"href":"https:\/\/pisofranco.gal\/es\/api\/wp\/v2\/posts\/260576\/revisions"}],"predecessor-version":[{"id":260775,"href":"https:\/\/pisofranco.gal\/es\/api\/wp\/v2\/posts\/260576\/revisions\/260775"}],"wp:featuredmedia":[{"embeddable":true,"href":"https:\/\/pisofranco.gal\/es\/api\/wp\/v2\/media\/260501"}],"wp:attachment":[{"href":"https:\/\/pisofranco.gal\/es\/api\/wp\/v2\/media?parent=260576"}],"wp:term":[{"taxonomy":"category","embeddable":true,"href":"https:\/\/pisofranco.gal\/es\/api\/wp\/v2\/categories?post=260576"},{"taxonomy":"post_tag","embeddable":true,"href":"https:\/\/pisofranco.gal\/es\/api\/wp\/v2\/tags?post=260576"}],"curies":[{"name":"wp","href":"https:\/\/api.w.org\/{rel}","templated":true}]}}