{"id":294901,"date":"2022-11-04T11:58:56","date_gmt":"2022-11-04T10:58:56","guid":{"rendered":"https:\/\/pisofranco.gal\/artigos\/2022\/11\/04\/a-3-294901\/"},"modified":"2022-11-04T13:23:22","modified_gmt":"2022-11-04T12:23:22","slug":"a-3","status":"publish","type":"post","link":"https:\/\/pisofranco.gal\/es\/artigos\/2022\/11\/04\/a-3-294901\/","title":{"rendered":"As\u00ed que pasaron treinta anos"},"content":{"rendered":"<p>Creo que era una discoteca el primer local en el que vi a Ch\u00e9vere. Cantaban vestidos de vaqueros de este oeste y creo que hab\u00eda un l\u00e1tigo como cuando los Blues Brothers.<br><br>A\u00fan hoy hay quien utiliza el adjetivo alternativo para referirse a Ch\u00e9vere, pero no es muy \u00fatil esa descripci\u00f3n porque a estas alturas es ya la compa\u00f1\u00eda m\u00e1s conocida y reconocida de Galicia y, adem\u00e1s, de las m\u00e1s, m\u00e1s veteranas. Ellos se dan a j\u00f3venes y esto puede falsear algo el retrato, y se dan a trastes y tambi\u00e9n a no dejarse aplaudir mucho cuando las obras acaban. Ch\u00e9vere hoy es <em>mainstream<\/em> en Galicia y esta es otra de esas sorprendentes paradojas que ofrece este pa\u00eds del que se dice que es bonito, cat\u00f3lico y sentimental. Ch\u00e9vere no es ninguna de esas tres cosas y ah\u00ed est\u00e1: llevando la contraria para fijar discurso. Haciendo biograf\u00edas de Amancio Ortega para que no se diga que no tenemos cosas que decir.<\/p><p>Como pasaron treinta a\u00f1os habr\u00e1 que recordar que hubo un tiempo en que la compa\u00f1\u00eda era una manada de gente joven con m\u00e1s ganas de provocar que de estudiar. Era aquella historia entre divertida de bar y desganada de la universidad. Era un grupo de teatro que quer\u00eda parecer una banda de rock, que met\u00eda hasta dentro del escenario una cultura pop que no casaba mucho con la ciertamente institucional de Galicia. Era un grupo que se tomaba muy en serio las convenciones: no respetaba ninguna. Esa distancia contra lo convencional se mantuvo con los a\u00f1os. Ese esp\u00edritu sigue aqu\u00ed. Pero como dir\u00eda el Che \u2014Guevara, no el de O Irixo\u2014 \u00abhoy todo tiene un tono menos dram\u00e1tico porque somos m\u00e1s maduros, pero el hecho se repite\u00bb. El gamberrismo \u2014que es otro adjetivo que, como alternativo, no define algo por s\u00ed mismo, sino por lo que son el resto de las cosas\u2014 pas\u00f3 de la primera l\u00ednea al fondo, pero sigue moviendo la intenci\u00f3n de la compa\u00f1\u00eda.<\/p><p>A pesar de que Ch\u00e9vere mont\u00f3 <em>R\u00edo Bravo<\/em> por tercera vez no es una compa\u00f1\u00eda nost\u00e1lgica. Creo que vuelven a montar sus grandes \u00e9xitos porque est\u00e1n sorprendidos de estar aqu\u00ed y seguir juntos y que, m\u00e1s o menos, las intenciones sigan siendo las mismas. Est\u00e1n sorprendidos porque hace treinta a\u00f1os faltaban tres o cuatro crisis por vivir, varias escisiones de la izquierda nacionalista, faltaba Fraga entero y el posfraguismo. Faltaba Feij\u00f3o, faltaba el segundo Feij\u00f3o y aun falta el tercero. Faltaba el audiovisual gallego y Agadic. Y nunca est\u00e1bamos todos, siempre faltaban los presos. Entonces los espectadores se sorprend\u00edan con Ch\u00e9vere y una parte de la profesi\u00f3n tambi\u00e9n. Por eso la sorpresa, y por eso seguir reclamando la realidad del presente. Porque Ch\u00e9vere sigue aqu\u00ed con m\u00e1s diversi\u00f3n y m\u00e1s lucidez que todos los consejos de la Xunta que caen en jueves. Porque, a pesar de todo, no se les quit\u00f3 el humor y tampoco se les fue el absurdo. Tambi\u00e9n porque llevan ventaja: estando Patricia de Lorenzo en escena todo es m\u00e1s divertido. M\u00e1s teatro. M\u00e1s mejor.<\/p><p><\/p><div class=\"contentlink  operational-element\" rel=\"{&quot;action&quot;:&quot;opennew&quot;,&quot;payload&quot;:68926}\">\n\n\t\t\t\t\t<div class=\"contentlink__label\">M\u00e1s Ch\u00e9vere<\/div>\n\t\t\n\t\t\t\t\t<div class=\"contentlink__thumbnail\">\n\t\t\t\t<img decoding=\"async\" src=\"https:\/\/pisofranco.gal\/wp-content\/uploads\/2021\/04\/pat-lorenzo-1-800x600.jpg\" class=\"contentlink__thumbnail__image\" alt=\"\">\n\t\t\t<\/div>\n\t\t\n\t\t<div class=\"contentlink__body\">\n\t\t\t\t\t\t\t<div class=\"article-locator\">\n\t\t\t\t\t<span class=\"article-locator__first\">Fatiga Ocular<\/span>\n\t\t\t\t\t\t\t\t\t<\/div>\n\t\t\t\n\t\t\t<h3 class=\"contentlink__title\">Una historia de Galicia<\/h3>\n\n\t\t\t\t\t\t\t<div class=\"contentlink__content\">\n\t\t\t\t\t<p>En Muros ya no hay para\u00edso. Hay un supermercado. Puede parecer un asunto del mercado inmobiliario, pero es un cambio radical de \u00e9poca sin transici\u00f3n. Es historia de un pa\u00eds que no quiere hacer historia. Ch\u00e9vere hizo historia con Eroski Para\u00edso, del teatro al cine.<\/p>\n\t\t\t\t<\/div>\n\t\t\t\t\t<\/div>\n\n\t\t<div class=\"card-footer contentlink__footer\">\n\t\t\t<div class=\"btn contentlink__button\">Ir al contenido<\/div>\n\t\t<\/div>\n\n\t<\/div><p class=\"wp-block-verse\">Publicado en T\u00e1boa Redonda, El Progreso, 30 de mayo de 2017\n\n\n\n<\/p>","protected":false},"excerpt":{"rendered":"<p>Hace cinco a\u00f1os Ch\u00e9vere cumpl\u00eda treinta. Ahora van por los treinta y cinco y entre exposiciones, desembarcos, libros, pel\u00edculas y que el mal no se calma no dan hecho a documentar la realidad que tanto se disimula. Hagamos memoria de memoria.<\/p>\n","protected":false},"author":51,"featured_media":294810,"comment_status":"closed","ping_status":"closed","sticky":false,"template":"","format":"standard","meta":{"_acf_changed":false,"footnotes":""},"categories":[199],"tags":[],"class_list":["post-294901","post","type-post","status-publish","format-standard","has-post-thumbnail","hentry","category-fatiga-ocular-es"],"acf":[],"post_template":"reportaxe","post_subscription":"no","pretitle":"","content_extract":"Creo que era una discoteca el primer local en el que vi a Ch\u00e9vere. Cantaban vestidos de vaqueros de este oeste y creo que hab\u00eda un l\u00e1tigo como cuando los Blues Brothers.A\u00fan hoy hay quien utiliza el adjetivo alternativo para referirse a Ch\u00e9vere, pero no es muy \u00fatil esa descripci\u00f3n porque a estas alturas es...","reading_data":{"word_count":"518","reading_seconds":"124","reading_time":{"minutes":2,"hours":0,"seconds":4},"reading_string":"2'4''","reading_human":"2 minutos"},"announcement":{"finishdate":"","finishdate_text":""},"opinion":{"subject":"","subject_info":[]},"event_info":{"startdate":"","starttime":"","enddate":"","endtime":"","entertainer":null},"interview":{"interviewed":""},"phototext":{"text_author":"","text_photo":""},"video":{"video_source":""},"promotion":{"action":"default","action_data":""},"categories_list":[{"name":"Fatiga Ocular","id":199,"slug":"fatiga-ocular-es","parent":0,"template":"default"}],"visible_author":"Camilo Franco","_links":{"self":[{"href":"https:\/\/pisofranco.gal\/es\/api\/wp\/v2\/posts\/294901"}],"collection":[{"href":"https:\/\/pisofranco.gal\/es\/api\/wp\/v2\/posts"}],"about":[{"href":"https:\/\/pisofranco.gal\/es\/api\/wp\/v2\/types\/post"}],"author":[{"embeddable":true,"href":"https:\/\/pisofranco.gal\/es\/api\/wp\/v2\/users\/51"}],"replies":[{"embeddable":true,"href":"https:\/\/pisofranco.gal\/es\/api\/wp\/v2\/comments?post=294901"}],"version-history":[{"count":5,"href":"https:\/\/pisofranco.gal\/es\/api\/wp\/v2\/posts\/294901\/revisions"}],"predecessor-version":[{"id":295106,"href":"https:\/\/pisofranco.gal\/es\/api\/wp\/v2\/posts\/294901\/revisions\/295106"}],"wp:featuredmedia":[{"embeddable":true,"href":"https:\/\/pisofranco.gal\/es\/api\/wp\/v2\/media\/294810"}],"wp:attachment":[{"href":"https:\/\/pisofranco.gal\/es\/api\/wp\/v2\/media?parent=294901"}],"wp:term":[{"taxonomy":"category","embeddable":true,"href":"https:\/\/pisofranco.gal\/es\/api\/wp\/v2\/categories?post=294901"},{"taxonomy":"post_tag","embeddable":true,"href":"https:\/\/pisofranco.gal\/es\/api\/wp\/v2\/tags?post=294901"}],"curies":[{"name":"wp","href":"https:\/\/api.w.org\/{rel}","templated":true}]}}