{"id":29918,"date":"2021-03-02T10:34:25","date_gmt":"2021-03-02T09:34:25","guid":{"rendered":"https:\/\/pisofranco.gal\/2021\/03\/02\/capela-sixtina\/"},"modified":"2021-04-08T23:10:55","modified_gmt":"2021-04-08T21:10:55","slug":"capela-sixtina","status":"publish","type":"post","link":"https:\/\/pisofranco.gal\/es\/artigos\/2021\/03\/02\/capela-sixtina-29918\/","title":{"rendered":"Capilla Sixtina"},"content":{"rendered":"<p>Era una feria e incluso gente de misa diaria intentaba disimular la prohibici\u00f3n de hacer una foto. Se pon\u00edan medio de lado y as\u00ed, como quien no quiere, intentaban meter en su m\u00f3vil un poco de la grandeza de esa historia que el techo y las paredes pretenden contar. Es una historia, e incluso puede que buena. Incluso siendo incierta. O precisamente por eso. Pero la polic\u00eda no es tonta y sabe que incluso los m\u00e1s aseados son desobedientes y despu\u00e9s de localizar al disimulador, lo amonestaban en p\u00fablico porque una de las funciones del castigo es pedag\u00f3gica.&nbsp;<\/p><p>La polic\u00eda vaticana sin el menor rubor clamaba:&nbsp;<em>signora<\/em><em>,&nbsp;<\/em><em>signora<\/em><em>, \u00e9&nbsp;<\/em><em>vietato<\/em><em>&nbsp;<\/em><em>fare<\/em><em>&nbsp;<\/em><em>delle<\/em><em>&nbsp;<\/em><em>fotografie<\/em><em>,&nbsp;<\/em><em>crede<\/em><em>&nbsp;che non la vedo?&nbsp;<\/em><em>Saputella<\/em>. Cuando consegu\u00edas liberarte de la escenificaci\u00f3n de la fotograf\u00eda m\u00f3vil y mirabas contra arriba, asomaba esa demostraci\u00f3n palmaria de que&nbsp;el dinero de la iglesia cat\u00f3lica no es&nbsp;para misericordias.&nbsp;<\/p><p>Lo curioso de la Capilla Sixtina es que en el centro exacto de esa demostraci\u00f3n de poder\u00edo art\u00edstico no hay nada. Entre esos dos dedos a punto de tocarse queda un lugar muerto. El espacio incierto. En ese vac\u00edo queda la posibilidad de que la vida sea un azar. Aunque lo expliquen de otro modo. Siempre hay que pasarse la&nbsp;<em>palomita<\/em>.&nbsp;<\/p><p>Esta tambi\u00e9n puede ser una feria. Hay un azar, un suspense y algo m\u00e1s que uno soplo de vida en la transmisi\u00f3n\u00a0sixtina\u00a0de la jarra. Aunque sea la misma grandeza. Aqu\u00ed hay m\u00e1s vida. Como somos materialistas\u00a0preferimos pasar algo concreto, \u00fatil. Con decisi\u00f3n, como para que nadie pueda decir que cuando un gallego pasa una jarra queda la duda de si va o viene. No hay duda. Va y viene porque la vida es ida y vuelta.\u00a0<\/p><p><\/p><p class=\"wp-block-verse\">Foto y texto fueron publicados en el n\u00ba 247 de Tempos Novos 12\/2017<\/p>","protected":false},"excerpt":{"rendered":"<p>Foto: Moncho Fuentes<\/p>\n","protected":false},"author":51,"featured_media":29413,"comment_status":"closed","ping_status":"closed","sticky":false,"template":"","format":"standard","meta":{"_acf_changed":false,"footnotes":""},"categories":[57],"tags":[125,126,127,128,145,146],"class_list":["post-29918","post","type-post","status-publish","format-standard","has-post-thumbnail","hentry","category-mas-que-palabras","tag-antroido-es","tag-marvel-es","tag-moncho-fuentes-es","tag-sixtina-es","tag-capilla-sixtina-es","tag-fiestas-populares-es"],"acf":[],"post_template":"fototexto","post_subscription":"no","pretitle":"","content_extract":"Era una feria e incluso gente de misa diaria intentaba disimular la prohibici\u00f3n de hacer una foto. Se pon\u00edan medio de lado y as\u00ed, como quien no quiere, intentaban meter en su m\u00f3vil un poco de la grandeza de esa historia que el techo y las paredes pretenden contar. Es una historia, e incluso puede...","reading_data":{"word_count":"303","reading_seconds":"72","reading_time":{"minutes":1,"hours":0,"seconds":12},"reading_string":"1'12''","reading_human":"1 minuto"},"announcement":{"finishdate":"","finishdate_text":""},"opinion":{"subject":"","subject_info":[{"title":"","description":""}]},"event_info":{"startdate":"","starttime":"","enddate":"","endtime":"","entertainer":null},"interview":{"interviewed":""},"phototext":{"text_author":"Camilo Franco","text_photo":"Moncho Fuentes"},"video":{"video_source":""},"promotion":null,"categories_list":[{"name":"M\u00e1s que palabras","id":57,"slug":"mas-que-palabras","parent":0,"template":"default"}],"visible_author":"Camilo Franco","_links":{"self":[{"href":"https:\/\/pisofranco.gal\/es\/api\/wp\/v2\/posts\/29918"}],"collection":[{"href":"https:\/\/pisofranco.gal\/es\/api\/wp\/v2\/posts"}],"about":[{"href":"https:\/\/pisofranco.gal\/es\/api\/wp\/v2\/types\/post"}],"author":[{"embeddable":true,"href":"https:\/\/pisofranco.gal\/es\/api\/wp\/v2\/users\/51"}],"replies":[{"embeddable":true,"href":"https:\/\/pisofranco.gal\/es\/api\/wp\/v2\/comments?post=29918"}],"version-history":[{"count":3,"href":"https:\/\/pisofranco.gal\/es\/api\/wp\/v2\/posts\/29918\/revisions"}],"predecessor-version":[{"id":58258,"href":"https:\/\/pisofranco.gal\/es\/api\/wp\/v2\/posts\/29918\/revisions\/58258"}],"wp:featuredmedia":[{"embeddable":true,"href":"https:\/\/pisofranco.gal\/es\/api\/wp\/v2\/media\/29413"}],"wp:attachment":[{"href":"https:\/\/pisofranco.gal\/es\/api\/wp\/v2\/media?parent=29918"}],"wp:term":[{"taxonomy":"category","embeddable":true,"href":"https:\/\/pisofranco.gal\/es\/api\/wp\/v2\/categories?post=29918"},{"taxonomy":"post_tag","embeddable":true,"href":"https:\/\/pisofranco.gal\/es\/api\/wp\/v2\/tags?post=29918"}],"curies":[{"name":"wp","href":"https:\/\/api.w.org\/{rel}","templated":true}]}}