{"id":314419,"date":"2022-12-09T14:49:35","date_gmt":"2022-12-09T13:49:35","guid":{"rendered":"https:\/\/pisofranco.gal\/artigos\/2022\/12\/09\/galiza-galicia-galicia-negra-314419\/"},"modified":"2022-12-09T17:16:15","modified_gmt":"2022-12-09T16:16:15","slug":"galiza-galicia-galicia-negra","status":"publish","type":"post","link":"https:\/\/pisofranco.gal\/es\/artigos\/2022\/12\/09\/galiza-galicia-galicia-negra-314419\/","title":{"rendered":"Galiza, Galicia, Galicia negra"},"content":{"rendered":"","protected":false},"excerpt":{"rendered":"<p>Galicia es una naci\u00f3n sin estado de \u00e1nimo. Tiene dos nombres, ninguna unanimidad real y una tendencia suicida a encontrar sus razones de ser en el pasado. De vez en cuando, se asalta a s\u00ed misma por alg\u00fan motivo simb\u00f3lico que deriva en argumento identitario, se levanta la polvareda y queda la idea de que somos capaces de rebelarnos contra las se\u00f1ales pero no contra la realidad. Le ponemos muchas ganas a lo simb\u00f3lico. La realidad es otra batalla.<\/p>\n","protected":false},"author":51,"featured_media":314157,"comment_status":"closed","ping_status":"closed","sticky":false,"template":"","format":"standard","meta":{"_acf_changed":false,"footnotes":""},"categories":[199],"tags":[],"class_list":["post-314419","post","type-post","status-publish","format-standard","has-post-thumbnail","hentry","category-fatiga-ocular-es"],"acf":[],"post_template":"reportaxe","post_subscription":"yes","pretitle":"","content_extract":"La autoestima de los gallegos es sufridora. Estamos m\u00e1s pendientes de lo que dicen de nosoros que de lo que nosotros tenemos que decir de nosotros mismos (y de los dem\u00e1s). La autoestima de los gallegos no es siquiera moneda pol\u00edtica de cambio porque va siendo removida por aniversarios luctuosos, por pel\u00edculas, por ignorancias y...","reading_data":{"word_count":"1251","reading_seconds":"300","reading_time":{"minutes":5,"hours":0,"seconds":0},"reading_string":"5'","reading_human":"5 minutos"},"announcement":{"finishdate":"","finishdate_text":""},"opinion":{"subject":"","subject_info":[]},"event_info":{"startdate":"","starttime":"","enddate":"","endtime":"","entertainer":null},"interview":{"interviewed":""},"phototext":{"text_author":"","text_photo":""},"video":{"video_source":""},"promotion":{"action":"default","action_data":""},"categories_list":[{"name":"Fatiga Ocular","id":199,"slug":"fatiga-ocular-es","parent":0,"template":"default"}],"visible_author":"Camilo Franco","_links":{"self":[{"href":"https:\/\/pisofranco.gal\/es\/api\/wp\/v2\/posts\/314419"}],"collection":[{"href":"https:\/\/pisofranco.gal\/es\/api\/wp\/v2\/posts"}],"about":[{"href":"https:\/\/pisofranco.gal\/es\/api\/wp\/v2\/types\/post"}],"author":[{"embeddable":true,"href":"https:\/\/pisofranco.gal\/es\/api\/wp\/v2\/users\/51"}],"replies":[{"embeddable":true,"href":"https:\/\/pisofranco.gal\/es\/api\/wp\/v2\/comments?post=314419"}],"version-history":[{"count":1,"href":"https:\/\/pisofranco.gal\/es\/api\/wp\/v2\/posts\/314419\/revisions"}],"predecessor-version":[{"id":314441,"href":"https:\/\/pisofranco.gal\/es\/api\/wp\/v2\/posts\/314419\/revisions\/314441"}],"wp:featuredmedia":[{"embeddable":true,"href":"https:\/\/pisofranco.gal\/es\/api\/wp\/v2\/media\/314157"}],"wp:attachment":[{"href":"https:\/\/pisofranco.gal\/es\/api\/wp\/v2\/media?parent=314419"}],"wp:term":[{"taxonomy":"category","embeddable":true,"href":"https:\/\/pisofranco.gal\/es\/api\/wp\/v2\/categories?post=314419"},{"taxonomy":"post_tag","embeddable":true,"href":"https:\/\/pisofranco.gal\/es\/api\/wp\/v2\/tags?post=314419"}],"curies":[{"name":"wp","href":"https:\/\/api.w.org\/{rel}","templated":true}]}}