{"id":321302,"date":"2022-12-22T20:47:12","date_gmt":"2022-12-22T19:47:12","guid":{"rendered":"https:\/\/pisofranco.gal\/artigos\/2022\/12\/22\/con-propiedade-321302\/"},"modified":"2022-12-22T21:00:58","modified_gmt":"2022-12-22T20:00:58","slug":"con-propiedade","status":"publish","type":"post","link":"https:\/\/pisofranco.gal\/es\/artigos\/2022\/12\/22\/con-propiedade-321302\/","title":{"rendered":"Con propiedad"},"content":{"rendered":"<p>Lolo apareci\u00f3 un d\u00eda por el barrio se\u00f1alando el cielo con gesto de elegancia exagerada, como si tuviese estudiado en un colegio de curas y se le hab\u00edan quedado los aires del director. Lolo, para nosotros, era un poco leerlo. Como mucho, nos parec\u00eda gracioso o curioso o raro. O simplemente distinto.\u00a0<br><br>Despu\u00e9s de tres d\u00edas de rondarnos por el parque, Lolo se sum\u00f3 a nosotros y se convirti\u00f3 en un ap\u00e9ndice muy inc\u00f3modo para las trastadas y muy \u00fatil delante de los adultos porque hablaba diferente a nosotros. Lolo aseguraba que cuando contaba ocho a\u00f1os hab\u00eda sido abducido por los selenitas, hab\u00eda viajado en una nave sideral forrada de l\u00e1tex y hab\u00eda sido abandonado en un solar del extrarradio. Hablaba as\u00ed. Explicaba que los selenitas no eran antropomorfos y que le hab\u00edan clavado en el cuerpo varios instrumentos punzantes para mensurarle la hemoglobina.<br><br>Despu\u00e9s de las primeras risas y burlas, a nosotros los dio como respeto esa forma de expresarse con distinci\u00f3n, as\u00ed que hac\u00edamos rueda para escuchar una y otra vez que el cohete era fusiforme y que la iluminaci\u00f3n de su interior era cenital. De tarde en tarde aparec\u00eda y nos dec\u00eda que hab\u00eda llegado al parque peripat\u00e9ticamente o que nosotros \u00e9ramos cauc\u00e1sicos de raza.\u00a0<br><br>Un atardecer bajamos de la Alameda y el autob\u00fas suburbano que iba a Pi\u00f1or lo ech\u00f3 contra la acera. Nos arremolinamos junto a \u00e9l para tranquilizarlo. Estaba tieso, pero no parec\u00eda sufrir. Le notamos la cara muy fr\u00eda. \u00c9l ech\u00f3 mano al frente, y nos mir\u00f3 con calma antes de nos anunciar: voy a quedar como mi padre, cri\u00f3nico para toda la vida.<\/p><p><\/p><p class=\"wp-block-verse\">Xabier Loureiro propuso las palabras \u201ccri\u00f3nico\u201d y \u201csuburbano\u201d. Publicado en Vieiros.com en 1999; Editorial Galaxia en 2003.<\/p>","protected":false},"excerpt":{"rendered":"<p>Lolo apareci\u00f3 un d\u00eda por el barrio se\u00f1alando el cielo con gesto de elegancia exagerada, como si tuviese estudiado en un colegio de curas y se le hab\u00edan quedado los aires del director. Lolo, para nosotros, era un poco leerlo. Como mucho, nos parec\u00eda gracioso o curioso o raro. O simplemente distinto.\u00a0 Despu\u00e9s de tres &hellip;<\/p>\n","protected":false},"author":51,"featured_media":321212,"comment_status":"closed","ping_status":"closed","sticky":false,"template":"","format":"standard","meta":{"_acf_changed":false,"footnotes":""},"categories":[256,246],"tags":[],"class_list":["post-321302","post","type-post","status-publish","format-standard","has-post-thumbnail","hentry","category-por-cuento-ajeno","category-libros-es"],"acf":[],"post_template":"default","post_subscription":"no","pretitle":"","content_extract":"Lolo apareci\u00f3 un d\u00eda por el barrio se\u00f1alando el cielo con gesto de elegancia exagerada, como si tuviese estudiado en un colegio de curas y se le hab\u00edan quedado los aires del director. Lolo, para nosotros, era un poco leerlo. Como mucho, nos parec\u00eda gracioso o curioso o raro. O simplemente distinto.\u00a0Despu\u00e9s de tres d\u00edas...","reading_data":{"word_count":"287","reading_seconds":"68","reading_time":{"minutes":1,"hours":0,"seconds":8},"reading_string":"1'8''","reading_human":"1 minuto"},"announcement":{"finishdate":"","finishdate_text":""},"opinion":{"subject":"","subject_info":[]},"event_info":{"startdate":"","starttime":"","enddate":"","endtime":"","entertainer":null},"interview":{"interviewed":""},"phototext":{"text_author":"","text_photo":""},"video":{"video_source":""},"promotion":{"action":"default","action_data":""},"categories_list":[{"name":"Libros","id":246,"slug":"libros-es","parent":0,"template":"books"},{"name":"Por cuento ajeno","id":256,"slug":"por-cuento-ajeno","parent":246,"template":"default"}],"visible_author":"Camilo Franco","_links":{"self":[{"href":"https:\/\/pisofranco.gal\/es\/api\/wp\/v2\/posts\/321302"}],"collection":[{"href":"https:\/\/pisofranco.gal\/es\/api\/wp\/v2\/posts"}],"about":[{"href":"https:\/\/pisofranco.gal\/es\/api\/wp\/v2\/types\/post"}],"author":[{"embeddable":true,"href":"https:\/\/pisofranco.gal\/es\/api\/wp\/v2\/users\/51"}],"replies":[{"embeddable":true,"href":"https:\/\/pisofranco.gal\/es\/api\/wp\/v2\/comments?post=321302"}],"version-history":[{"count":1,"href":"https:\/\/pisofranco.gal\/es\/api\/wp\/v2\/posts\/321302\/revisions"}],"predecessor-version":[{"id":321321,"href":"https:\/\/pisofranco.gal\/es\/api\/wp\/v2\/posts\/321302\/revisions\/321321"}],"wp:featuredmedia":[{"embeddable":true,"href":"https:\/\/pisofranco.gal\/es\/api\/wp\/v2\/media\/321212"}],"wp:attachment":[{"href":"https:\/\/pisofranco.gal\/es\/api\/wp\/v2\/media?parent=321302"}],"wp:term":[{"taxonomy":"category","embeddable":true,"href":"https:\/\/pisofranco.gal\/es\/api\/wp\/v2\/categories?post=321302"},{"taxonomy":"post_tag","embeddable":true,"href":"https:\/\/pisofranco.gal\/es\/api\/wp\/v2\/tags?post=321302"}],"curies":[{"name":"wp","href":"https:\/\/api.w.org\/{rel}","templated":true}]}}