{"id":403891,"date":"2023-10-07T18:12:49","date_gmt":"2023-10-07T16:12:49","guid":{"rendered":"https:\/\/pisofranco.gal\/artigos\/2023\/10\/07\/era-ou-non-era-403891\/"},"modified":"2023-10-07T18:17:38","modified_gmt":"2023-10-07T16:17:38","slug":"era-ou-non-era","status":"publish","type":"post","link":"https:\/\/pisofranco.gal\/es\/artigos\/2023\/10\/07\/era-ou-non-era-403891\/","title":{"rendered":"Era o no era"},"content":{"rendered":"","protected":false},"excerpt":{"rendered":"<p>Fue en aquel tiempo en que las compa\u00f1\u00edas de teatro sub\u00edan a los espectadores al escenario. Para meter miedo en el patio de butacas. \u00c9l, fugitivo y desorientado, entr\u00f3 en el teatro buscando un refugio. Lleg\u00f3 con manchas de sangre entre los dedos mientras un actor gracioso buscaba entre el p\u00fablico alguien con cara debuen &hellip;<\/p>\n","protected":false},"author":51,"featured_media":403854,"comment_status":"closed","ping_status":"closed","sticky":false,"template":"","format":"standard","meta":{"_acf_changed":false,"footnotes":""},"categories":[118],"tags":[],"class_list":["post-403891","post","type-post","status-publish","format-standard","has-post-thumbnail","hentry","category-palabrascontadas-es"],"acf":[],"post_template":"narrativa","post_subscription":"yes","pretitle":"","content_extract":"Fue en aquel tiempo en que las compa\u00f1\u00edas de teatro sub\u00edan a los espectadores al escenario. Para meter miedo en el patio de butacas. \u00c9l, fugitivo y desorientado, entr\u00f3 en el teatro buscando un refugio. Lleg\u00f3 con manchas de sangre entre los dedos mientras un actor gracioso buscaba entre el p\u00fablico alguien con cara debuen...","reading_data":{"word_count":"109","reading_seconds":"26","reading_time":{"minutes":0,"hours":0,"seconds":26},"reading_string":"26''","reading_human":"<1 minuto"},"announcement":{"finishdate":"","finishdate_text":""},"opinion":{"subject":"","subject_info":[]},"event_info":{"startdate":"","starttime":"","enddate":"","endtime":"","entertainer":null},"interview":{"interviewed":""},"phototext":{"text_author":"","text_photo":""},"video":{"video_source":""},"promotion":{"action":"default","action_data":""},"categories_list":[{"name":"Palabras Contadas","id":118,"slug":"palabrascontadas-es","parent":246,"template":"default"}],"visible_author":"Camilo Franco","_links":{"self":[{"href":"https:\/\/pisofranco.gal\/es\/api\/wp\/v2\/posts\/403891"}],"collection":[{"href":"https:\/\/pisofranco.gal\/es\/api\/wp\/v2\/posts"}],"about":[{"href":"https:\/\/pisofranco.gal\/es\/api\/wp\/v2\/types\/post"}],"author":[{"embeddable":true,"href":"https:\/\/pisofranco.gal\/es\/api\/wp\/v2\/users\/51"}],"replies":[{"embeddable":true,"href":"https:\/\/pisofranco.gal\/es\/api\/wp\/v2\/comments?post=403891"}],"version-history":[{"count":1,"href":"https:\/\/pisofranco.gal\/es\/api\/wp\/v2\/posts\/403891\/revisions"}],"predecessor-version":[{"id":403908,"href":"https:\/\/pisofranco.gal\/es\/api\/wp\/v2\/posts\/403891\/revisions\/403908"}],"wp:featuredmedia":[{"embeddable":true,"href":"https:\/\/pisofranco.gal\/es\/api\/wp\/v2\/media\/403854"}],"wp:attachment":[{"href":"https:\/\/pisofranco.gal\/es\/api\/wp\/v2\/media?parent=403891"}],"wp:term":[{"taxonomy":"category","embeddable":true,"href":"https:\/\/pisofranco.gal\/es\/api\/wp\/v2\/categories?post=403891"},{"taxonomy":"post_tag","embeddable":true,"href":"https:\/\/pisofranco.gal\/es\/api\/wp\/v2\/tags?post=403891"}],"curies":[{"name":"wp","href":"https:\/\/api.w.org\/{rel}","templated":true}]}}