{"id":454295,"date":"2024-08-23T16:49:56","date_gmt":"2024-08-23T14:49:56","guid":{"rendered":"https:\/\/pisofranco.gal\/artigos\/2024\/08\/23\/auto-biografia-454295\/"},"modified":"2024-08-23T17:17:06","modified_gmt":"2024-08-23T15:17:06","slug":"auto-biografia","status":"publish","type":"post","link":"https:\/\/pisofranco.gal\/es\/artigos\/2024\/08\/23\/auto-biografia-454295\/","title":{"rendered":"Auto biograf\u00eda"},"content":{"rendered":"","protected":false},"excerpt":{"rendered":"<p>No s\u00e9 por qu\u00e9 vuelve. Yo tan ni\u00f1o y tantos tiempos desde entonces. El autom\u00f3vil, degollado ahora por el \u00f3xido del abandono, llevaba los asientos \u00e1speros y un skay fingiendo grandezas. Yo, atr\u00e1s, cautivo en la dimensi\u00f3n de la noche. Mi padre, serio, sorteando las curvas que bajan a Cudeiro. Las farolas despidi\u00e9ndose fugitivas. Pero &hellip;<\/p>\n","protected":false},"author":51,"featured_media":454268,"comment_status":"closed","ping_status":"closed","sticky":false,"template":"","format":"standard","meta":{"_acf_changed":false,"footnotes":""},"categories":[118,246],"tags":[],"class_list":["post-454295","post","type-post","status-publish","format-standard","has-post-thumbnail","hentry","category-palabrascontadas-es","category-libros-es"],"acf":[],"post_template":"narrativa","post_subscription":"yes","pretitle":"","content_extract":"No s\u00e9 por qu\u00e9 vuelve. Yo tan ni\u00f1o y tantos tiempos desde entonces. El autom\u00f3vil, degollado ahora por el \u00f3xido del abandono, llevaba los asientos \u00e1speros y un skay fingiendo grandezas. Yo, atr\u00e1s, cautivo en la dimensi\u00f3n de la noche. Mi padre, serio, sorteando las curvas que bajan a Cudeiro. Las farolas despidi\u00e9ndose fugitivas. Pero...","reading_data":{"word_count":"126","reading_seconds":"30","reading_time":{"minutes":0,"hours":0,"seconds":30},"reading_string":"30''","reading_human":"<1 minuto"},"announcement":{"finishdate":"","finishdate_text":""},"opinion":{"subject":"","subject_info":[]},"event_info":{"startdate":"","starttime":"","enddate":"","endtime":"","entertainer":null},"interview":{"interviewed":""},"phototext":{"text_author":"","text_photo":""},"video":{"video_source":""},"promotion":{"action":"default","action_data":""},"categories_list":[{"name":"Libros","id":246,"slug":"libros-es","parent":0,"template":"books"},{"name":"Palabras Contadas","id":118,"slug":"palabrascontadas-es","parent":246,"template":"default"}],"visible_author":"Camilo Franco","_links":{"self":[{"href":"https:\/\/pisofranco.gal\/es\/api\/wp\/v2\/posts\/454295"}],"collection":[{"href":"https:\/\/pisofranco.gal\/es\/api\/wp\/v2\/posts"}],"about":[{"href":"https:\/\/pisofranco.gal\/es\/api\/wp\/v2\/types\/post"}],"author":[{"embeddable":true,"href":"https:\/\/pisofranco.gal\/es\/api\/wp\/v2\/users\/51"}],"replies":[{"embeddable":true,"href":"https:\/\/pisofranco.gal\/es\/api\/wp\/v2\/comments?post=454295"}],"version-history":[{"count":1,"href":"https:\/\/pisofranco.gal\/es\/api\/wp\/v2\/posts\/454295\/revisions"}],"predecessor-version":[{"id":454314,"href":"https:\/\/pisofranco.gal\/es\/api\/wp\/v2\/posts\/454295\/revisions\/454314"}],"wp:featuredmedia":[{"embeddable":true,"href":"https:\/\/pisofranco.gal\/es\/api\/wp\/v2\/media\/454268"}],"wp:attachment":[{"href":"https:\/\/pisofranco.gal\/es\/api\/wp\/v2\/media?parent=454295"}],"wp:term":[{"taxonomy":"category","embeddable":true,"href":"https:\/\/pisofranco.gal\/es\/api\/wp\/v2\/categories?post=454295"},{"taxonomy":"post_tag","embeddable":true,"href":"https:\/\/pisofranco.gal\/es\/api\/wp\/v2\/tags?post=454295"}],"curies":[{"name":"wp","href":"https:\/\/api.w.org\/{rel}","templated":true}]}}