{"id":457745,"date":"2024-09-15T12:01:56","date_gmt":"2024-09-15T10:01:56","guid":{"rendered":"https:\/\/pisofranco.gal\/artigos\/2024\/09\/15\/desequilibrio-interior-457745\/"},"modified":"2024-09-15T12:08:54","modified_gmt":"2024-09-15T10:08:54","slug":"desequilibrio-interior","status":"publish","type":"post","link":"https:\/\/pisofranco.gal\/es\/artigos\/2024\/09\/15\/desequilibrio-interior-457745\/","title":{"rendered":"Desequilibrio interior"},"content":{"rendered":"<p>La espiral de hambre no afect\u00f3 a todos por igual. La miseria no es igual en todas las partes del mundo porque, aunque no queramos entenderlo, los adjetivos son relativos. La falta de cereal oblig\u00f3 a una parte de la poblaci\u00f3n a descapitalizarse, a desprenderse de las pertenencias: animales, tierras, objetos de valor. En t\u00e9rminos econ\u00f3micos es empobrecimiento. Pero N\u00edger ya no era un pa\u00eds rico, una parte de su poblaci\u00f3n no pod\u00eda descapitalizarse en absoluto. Cuando lleg\u00f3 la ola de hambre solo pod\u00edan resistir o echarse a los caminos. Hicieron las dos cosas. Las mujeres se echaron a andar y los ni\u00f1os intentaron resistir. Pero la biolog\u00eda no es socialdem\u00f3crata.<\/p>","protected":false},"excerpt":{"rendered":"<p>La espiral de hambre no afect\u00f3 a todos por igual. La miseria no es igual en todas las partes del mundo porque, aunque no queramos entenderlo, los adjetivos son relativos. La falta de cereal oblig\u00f3 a una parte de la poblaci\u00f3n a descapitalizarse, a desprenderse de las pertenencias: animales, tierras, objetos de valor. En t\u00e9rminos &hellip;<\/p>\n","protected":false},"author":51,"featured_media":457707,"comment_status":"closed","ping_status":"closed","sticky":false,"template":"","format":"standard","meta":{"_acf_changed":false,"footnotes":""},"categories":[299,246],"tags":[],"class_list":["post-457745","post","type-post","status-publish","format-standard","has-post-thumbnail","hentry","category-niger-es","category-libros-es"],"acf":[],"post_template":"narrativa","post_subscription":"no","pretitle":"","content_extract":"La espiral de hambre no afect\u00f3 a todos por igual. La miseria no es igual en todas las partes del mundo porque, aunque no queramos entenderlo, los adjetivos son relativos. La falta de cereal oblig\u00f3 a una parte de la poblaci\u00f3n a descapitalizarse, a desprenderse de las pertenencias: animales, tierras, objetos de valor. En t\u00e9rminos...","reading_data":{"word_count":"113","reading_seconds":"27","reading_time":{"minutes":0,"hours":0,"seconds":27},"reading_string":"27''","reading_human":"<1 minuto"},"announcement":{"finishdate":"","finishdate_text":""},"opinion":{"subject":"","subject_info":[]},"event_info":{"startdate":"","starttime":"","enddate":"","endtime":"","entertainer":null},"interview":{"interviewed":""},"phototext":{"text_author":"","text_photo":""},"video":{"video_source":""},"promotion":{"action":"default","action_data":""},"categories_list":[{"name":"Libros","id":246,"slug":"libros-es","parent":0,"template":"books"},{"name":"N\u00edger","id":299,"slug":"niger-es","parent":246,"template":"books"}],"visible_author":"Camilo Franco","_links":{"self":[{"href":"https:\/\/pisofranco.gal\/es\/api\/wp\/v2\/posts\/457745"}],"collection":[{"href":"https:\/\/pisofranco.gal\/es\/api\/wp\/v2\/posts"}],"about":[{"href":"https:\/\/pisofranco.gal\/es\/api\/wp\/v2\/types\/post"}],"author":[{"embeddable":true,"href":"https:\/\/pisofranco.gal\/es\/api\/wp\/v2\/users\/51"}],"replies":[{"embeddable":true,"href":"https:\/\/pisofranco.gal\/es\/api\/wp\/v2\/comments?post=457745"}],"version-history":[{"count":1,"href":"https:\/\/pisofranco.gal\/es\/api\/wp\/v2\/posts\/457745\/revisions"}],"predecessor-version":[{"id":457762,"href":"https:\/\/pisofranco.gal\/es\/api\/wp\/v2\/posts\/457745\/revisions\/457762"}],"wp:featuredmedia":[{"embeddable":true,"href":"https:\/\/pisofranco.gal\/es\/api\/wp\/v2\/media\/457707"}],"wp:attachment":[{"href":"https:\/\/pisofranco.gal\/es\/api\/wp\/v2\/media?parent=457745"}],"wp:term":[{"taxonomy":"category","embeddable":true,"href":"https:\/\/pisofranco.gal\/es\/api\/wp\/v2\/categories?post=457745"},{"taxonomy":"post_tag","embeddable":true,"href":"https:\/\/pisofranco.gal\/es\/api\/wp\/v2\/tags?post=457745"}],"curies":[{"name":"wp","href":"https:\/\/api.w.org\/{rel}","templated":true}]}}