{"id":47834,"date":"2021-03-20T12:11:25","date_gmt":"2021-03-20T11:11:25","guid":{"rendered":"https:\/\/pisofranco.gal\/2021\/03\/20\/previously-on-tondela-47834\/"},"modified":"2021-03-20T12:21:02","modified_gmt":"2021-03-20T11:21:02","slug":"previously-on-tondela","status":"publish","type":"post","link":"https:\/\/pisofranco.gal\/es\/artigos\/2021\/03\/20\/previously-on-tondela-47834\/","title":{"rendered":"Previously on Tondela"},"content":{"rendered":"","protected":false},"excerpt":{"rendered":"<p>Todas las caras que veo remiten a una anterior. Vivo en\u00a0deja vu permanente y cada rostro evidencia desmemoria o extrav\u00edo. Vivo intranquilo los paseos porque cada rostro que me cruzo en las aceras en lugar de gritar igualdad como ser\u00eda l\u00f3gico en tiempos desequilibrados, grita: \u00bfno te acuerdas de m\u00ed? Y no me acuerdo. Y &hellip;<\/p>\n","protected":false},"author":51,"featured_media":47819,"comment_status":"closed","ping_status":"closed","sticky":false,"template":"","format":"standard","meta":{"_acf_changed":false,"footnotes":""},"categories":[59],"tags":[186,187],"class_list":["post-47834","post","type-post","status-publish","format-standard","has-post-thumbnail","hentry","category-narracion-es","tag-memoria-es","tag-tondela-es"],"acf":[],"post_template":"narrativa","post_subscription":"yes","pretitle":"","content_extract":"Todas las caras que veo remiten a una anterior. Vivo en\u00a0deja vu permanente y cada rostro evidencia desmemoria o extrav\u00edo. Vivo intranquilo los paseos porque cada rostro que me cruzo en las aceras en lugar de gritar igualdad como ser\u00eda l\u00f3gico en tiempos desequilibrados, grita: \u00bfno te acuerdas de m\u00ed? Y no me acuerdo. Y...","reading_data":{"word_count":"250","reading_seconds":"60","reading_time":{"minutes":1,"hours":0,"seconds":0},"reading_string":"1'","reading_human":"1 minuto"},"announcement":{"finishdate":"","finishdate_text":""},"opinion":{"subject":"","subject_info":[]},"event_info":{"startdate":"","starttime":"","enddate":"","endtime":"","entertainer":null},"interview":{"interviewed":""},"phototext":{"text_author":"","text_photo":""},"video":{"video_source":""},"promotion":{"action":"default","action_data":""},"categories_list":[{"name":"Narrativa","id":59,"slug":"narracion-es","parent":0,"template":"default"}],"visible_author":"Camilo Franco","_links":{"self":[{"href":"https:\/\/pisofranco.gal\/es\/api\/wp\/v2\/posts\/47834"}],"collection":[{"href":"https:\/\/pisofranco.gal\/es\/api\/wp\/v2\/posts"}],"about":[{"href":"https:\/\/pisofranco.gal\/es\/api\/wp\/v2\/types\/post"}],"author":[{"embeddable":true,"href":"https:\/\/pisofranco.gal\/es\/api\/wp\/v2\/users\/51"}],"replies":[{"embeddable":true,"href":"https:\/\/pisofranco.gal\/es\/api\/wp\/v2\/comments?post=47834"}],"version-history":[{"count":2,"href":"https:\/\/pisofranco.gal\/es\/api\/wp\/v2\/posts\/47834\/revisions"}],"predecessor-version":[{"id":47945,"href":"https:\/\/pisofranco.gal\/es\/api\/wp\/v2\/posts\/47834\/revisions\/47945"}],"wp:featuredmedia":[{"embeddable":true,"href":"https:\/\/pisofranco.gal\/es\/api\/wp\/v2\/media\/47819"}],"wp:attachment":[{"href":"https:\/\/pisofranco.gal\/es\/api\/wp\/v2\/media?parent=47834"}],"wp:term":[{"taxonomy":"category","embeddable":true,"href":"https:\/\/pisofranco.gal\/es\/api\/wp\/v2\/categories?post=47834"},{"taxonomy":"post_tag","embeddable":true,"href":"https:\/\/pisofranco.gal\/es\/api\/wp\/v2\/tags?post=47834"}],"curies":[{"name":"wp","href":"https:\/\/api.w.org\/{rel}","templated":true}]}}