{"id":485295,"date":"2025-02-07T17:33:00","date_gmt":"2025-02-07T16:33:00","guid":{"rendered":"https:\/\/pisofranco.gal\/artigos\/2025\/02\/07\/eu-fun-co-meu-pai-ao-monte-485295\/"},"modified":"2025-02-09T14:57:09","modified_gmt":"2025-02-09T13:57:09","slug":"eu-fun-co-meu-pai-ao-monte","status":"publish","type":"post","link":"https:\/\/pisofranco.gal\/es\/artigos\/2025\/02\/07\/eu-fun-co-meu-pai-ao-monte-485295\/","title":{"rendered":"Yo fui con mi padre al bosque"},"content":{"rendered":"","protected":false},"excerpt":{"rendered":"<p>Salir por la ma\u00f1ana era una de las virtudes. Cuando clareaba. Cuando no se distinguen los l\u00edmites de las cosas por m\u00e1s que se sepan de memoria. Salir madrugando no porque el mundo sea otro. Salir con medio sue\u00f1o porque a esa hora el mundo huele diferente. \u00c9l explicaba que a nuevo, a renacido. Con &hellip;<\/p>\n","protected":false},"author":51,"featured_media":485212,"comment_status":"closed","ping_status":"closed","sticky":false,"template":"","format":"standard","meta":{"_acf_changed":false,"footnotes":""},"categories":[206,59],"tags":[],"class_list":["post-485295","post","type-post","status-publish","format-standard","has-post-thumbnail","hentry","category-portada-es","category-narracion-es"],"acf":[],"post_template":"narrativa","post_subscription":"yes","pretitle":"","content_extract":"Salir por la ma\u00f1ana era una de las virtudes. Cuando clareaba. Cuando no se distinguen los l\u00edmites de las cosas por m\u00e1s que se sepan de memoria. Salir madrugando no porque el mundo sea otro. Salir con medio sue\u00f1o porque a esa hora el mundo huele diferente. \u00c9l explicaba que a nuevo, a renacido. Con...","reading_data":{"word_count":"904","reading_seconds":"216","reading_time":{"minutes":3,"hours":0,"seconds":36},"reading_string":"3'36''","reading_human":"4 minutos"},"announcement":{"finishdate":"","finishdate_text":""},"opinion":{"subject":"","subject_info":[]},"event_info":{"startdate":"","starttime":"","enddate":"","endtime":"","entertainer":null},"interview":{"interviewed":""},"phototext":{"text_author":"","text_photo":""},"video":{"video_source":""},"promotion":{"action":"default","action_data":""},"categories_list":[{"name":"Narrativa","id":59,"slug":"narracion-es","parent":0,"template":"default"}],"visible_author":"Camilo Franco","_links":{"self":[{"href":"https:\/\/pisofranco.gal\/es\/api\/wp\/v2\/posts\/485295"}],"collection":[{"href":"https:\/\/pisofranco.gal\/es\/api\/wp\/v2\/posts"}],"about":[{"href":"https:\/\/pisofranco.gal\/es\/api\/wp\/v2\/types\/post"}],"author":[{"embeddable":true,"href":"https:\/\/pisofranco.gal\/es\/api\/wp\/v2\/users\/51"}],"replies":[{"embeddable":true,"href":"https:\/\/pisofranco.gal\/es\/api\/wp\/v2\/comments?post=485295"}],"version-history":[{"count":3,"href":"https:\/\/pisofranco.gal\/es\/api\/wp\/v2\/posts\/485295\/revisions"}],"predecessor-version":[{"id":485882,"href":"https:\/\/pisofranco.gal\/es\/api\/wp\/v2\/posts\/485295\/revisions\/485882"}],"wp:featuredmedia":[{"embeddable":true,"href":"https:\/\/pisofranco.gal\/es\/api\/wp\/v2\/media\/485212"}],"wp:attachment":[{"href":"https:\/\/pisofranco.gal\/es\/api\/wp\/v2\/media?parent=485295"}],"wp:term":[{"taxonomy":"category","embeddable":true,"href":"https:\/\/pisofranco.gal\/es\/api\/wp\/v2\/categories?post=485295"},{"taxonomy":"post_tag","embeddable":true,"href":"https:\/\/pisofranco.gal\/es\/api\/wp\/v2\/tags?post=485295"}],"curies":[{"name":"wp","href":"https:\/\/api.w.org\/{rel}","templated":true}]}}