{"id":534519,"date":"2026-04-01T18:42:00","date_gmt":"2026-04-01T16:42:00","guid":{"rendered":"https:\/\/pisofranco.gal\/artigos\/2026\/04\/01\/o-tempo-sen-madalenas-534519\/"},"modified":"2026-04-01T19:13:32","modified_gmt":"2026-04-01T17:13:32","slug":"o-tempo-sen-madalenas","status":"publish","type":"post","link":"https:\/\/pisofranco.gal\/es\/artigos\/2026\/04\/01\/o-tempo-sen-madalenas-534519\/","title":{"rendered":"El tiempo sin magdalenas"},"content":{"rendered":"","protected":false},"excerpt":{"rendered":"<p>Durante tres siglos el tiempo fue patrimonio de la iglesia. Campanada va, campanada viene. No es que el tiempo tuviera propietario, pero la cat\u00f3lica corporaci\u00f3n se encargaba de recordarnos como iba. Para la vida moderna ser\u00eda muy importante no confundir la propiedad de las cosas con su administraci\u00f3n. Por ejemplo: el viento es de todos, &hellip;<\/p>\n","protected":false},"author":51,"featured_media":534520,"comment_status":"closed","ping_status":"closed","sticky":false,"template":"","format":"standard","meta":{"_acf_changed":false,"footnotes":""},"categories":[206,57],"tags":[],"class_list":["post-534519","post","type-post","status-publish","format-standard","has-post-thumbnail","hentry","category-portada-es","category-mas-que-palabras"],"acf":[],"post_template":"fototexto","post_subscription":"yes","pretitle":"","content_extract":"Durante tres siglos el tiempo fue patrimonio de la iglesia. Campanada va, campanada viene. No es que el tiempo tuviera propietario, pero la cat\u00f3lica corporaci\u00f3n se encargaba de recordarnos como iba. Para la vida moderna ser\u00eda muy importante no confundir la propiedad de las cosas con su administraci\u00f3n. Por ejemplo: el viento es de todos,...","reading_data":{"word_count":"343","reading_seconds":"82","reading_time":{"minutes":1,"hours":0,"seconds":22},"reading_string":"1'22''","reading_human":"1 minuto"},"announcement":{"finishdate":"","finishdate_text":""},"opinion":{"subject":"","subject_info":[]},"event_info":{"startdate":"","starttime":"","enddate":"","endtime":"","entertainer":null},"interview":{"interviewed":""},"phototext":{"text_author":"Camilo Franco","text_photo":"Moncho Fuentes"},"video":{"video_source":""},"promotion":{"action":"default","action_data":""},"categories_list":[{"name":"M\u00e1s que palabras","id":57,"slug":"mas-que-palabras","parent":0,"template":"default"}],"visible_author":"Camilo Franco","_links":{"self":[{"href":"https:\/\/pisofranco.gal\/es\/api\/wp\/v2\/posts\/534519"}],"collection":[{"href":"https:\/\/pisofranco.gal\/es\/api\/wp\/v2\/posts"}],"about":[{"href":"https:\/\/pisofranco.gal\/es\/api\/wp\/v2\/types\/post"}],"author":[{"embeddable":true,"href":"https:\/\/pisofranco.gal\/es\/api\/wp\/v2\/users\/51"}],"replies":[{"embeddable":true,"href":"https:\/\/pisofranco.gal\/es\/api\/wp\/v2\/comments?post=534519"}],"version-history":[{"count":1,"href":"https:\/\/pisofranco.gal\/es\/api\/wp\/v2\/posts\/534519\/revisions"}],"predecessor-version":[{"id":534542,"href":"https:\/\/pisofranco.gal\/es\/api\/wp\/v2\/posts\/534519\/revisions\/534542"}],"wp:featuredmedia":[{"embeddable":true,"href":"https:\/\/pisofranco.gal\/es\/api\/wp\/v2\/media\/534520"}],"wp:attachment":[{"href":"https:\/\/pisofranco.gal\/es\/api\/wp\/v2\/media?parent=534519"}],"wp:term":[{"taxonomy":"category","embeddable":true,"href":"https:\/\/pisofranco.gal\/es\/api\/wp\/v2\/categories?post=534519"},{"taxonomy":"post_tag","embeddable":true,"href":"https:\/\/pisofranco.gal\/es\/api\/wp\/v2\/tags?post=534519"}],"curies":[{"name":"wp","href":"https:\/\/api.w.org\/{rel}","templated":true}]}}