{"id":160725,"date":"2022-01-04T11:03:32","date_gmt":"2022-01-04T10:03:32","guid":{"rendered":"https:\/\/pisofranco.gal\/artigos\/2022\/01\/04\/lecturas-politicas-da-parodia-e-o-capital-160725\/"},"modified":"2022-01-05T18:15:26","modified_gmt":"2022-01-05T17:15:26","slug":"lecturas-politicas-da-parodia-e-o-capital","status":"publish","type":"post","link":"https:\/\/pisofranco.gal\/pt-pt\/artigos\/2022\/01\/04\/lecturas-politicas-da-parodia-e-o-capital-160725\/","title":{"rendered":"Leituras pol\u00edticas da par\u00f3dia e o capital"},"content":{"rendered":"","protected":false},"excerpt":{"rendered":"<p>At\u00e9 que ponto est\u00e1 um espetador confinado nos seus pr\u00f3prios preconceitos, ou nos dos outros? Porque \u00e9 que aceitamos numas obras o que rejeitamos noutras, e porque \u00e9 que gostar de um artista acaba por se parecer tanto a ser adepto de um clube de futebol? Vamos considerar, hipoteticamente, que Paolo Sorrentino \u00e9 muito mais &hellip;<\/p>\n","protected":false},"author":51,"featured_media":159214,"comment_status":"closed","ping_status":"closed","sticky":false,"template":"","format":"standard","meta":{"_acf_changed":false,"footnotes":""},"categories":[85],"tags":[341,342,343,344],"class_list":["post-160725","post","type-post","status-publish","format-standard","has-post-thumbnail","hentry","category-critica","tag-sucession-pt-pt","tag-dont-look-up-pt-pt","tag-sorrentino-pt-pt","tag-narcos-pt-pt"],"acf":[],"post_template":"opinion","post_subscription":"yes","pretitle":"","content_extract":"At\u00e9 que ponto est\u00e1 um espetador confinado nos seus pr\u00f3prios preconceitos, ou nos dos outros? Porque \u00e9 que aceitamos numas obras o que rejeitamos noutras, e porque \u00e9 que gostar de um artista acaba por se parecer tanto a ser adepto de um clube de futebol? Vamos considerar, hipoteticamente, que Paolo Sorrentino \u00e9 muito mais...","reading_data":{"word_count":"1719","reading_seconds":"412","reading_time":{"minutes":6,"hours":0,"seconds":52},"reading_string":"6'52''","reading_human":"7 minutos"},"announcement":{"finishdate":"","finishdate_text":""},"opinion":{"subject":"","subject_info":[]},"event_info":{"startdate":"","starttime":"","enddate":"","endtime":"","entertainer":null},"interview":{"interviewed":""},"phototext":{"text_author":"","text_photo":""},"video":{"video_source":""},"promotion":{"action":"default","action_data":""},"categories_list":[{"name":"Cr\u00edtica","id":85,"slug":"critica","parent":0,"template":"default"}],"visible_author":"Camilo Franco","_links":{"self":[{"href":"https:\/\/pisofranco.gal\/pt-pt\/api\/wp\/v2\/posts\/160725"}],"collection":[{"href":"https:\/\/pisofranco.gal\/pt-pt\/api\/wp\/v2\/posts"}],"about":[{"href":"https:\/\/pisofranco.gal\/pt-pt\/api\/wp\/v2\/types\/post"}],"author":[{"embeddable":true,"href":"https:\/\/pisofranco.gal\/pt-pt\/api\/wp\/v2\/users\/51"}],"replies":[{"embeddable":true,"href":"https:\/\/pisofranco.gal\/pt-pt\/api\/wp\/v2\/comments?post=160725"}],"version-history":[{"count":1,"href":"https:\/\/pisofranco.gal\/pt-pt\/api\/wp\/v2\/posts\/160725\/revisions"}],"predecessor-version":[{"id":160752,"href":"https:\/\/pisofranco.gal\/pt-pt\/api\/wp\/v2\/posts\/160725\/revisions\/160752"}],"wp:featuredmedia":[{"embeddable":true,"href":"https:\/\/pisofranco.gal\/pt-pt\/api\/wp\/v2\/media\/159214"}],"wp:attachment":[{"href":"https:\/\/pisofranco.gal\/pt-pt\/api\/wp\/v2\/media?parent=160725"}],"wp:term":[{"taxonomy":"category","embeddable":true,"href":"https:\/\/pisofranco.gal\/pt-pt\/api\/wp\/v2\/categories?post=160725"},{"taxonomy":"post_tag","embeddable":true,"href":"https:\/\/pisofranco.gal\/pt-pt\/api\/wp\/v2\/tags?post=160725"}],"curies":[{"name":"wp","href":"https:\/\/api.w.org\/{rel}","templated":true}]}}