{"id":169066,"date":"2022-01-15T18:20:18","date_gmt":"2022-01-15T17:20:18","guid":{"rendered":"https:\/\/pisofranco.gal\/artigos\/2022\/01\/15\/eu-tiven-unha-granxa-no-san-amaro-169066\/"},"modified":"2022-01-17T20:24:00","modified_gmt":"2022-01-17T19:24:00","slug":"eu-tiven-unha-granxa-no-san-amaro","status":"publish","type":"post","link":"https:\/\/pisofranco.gal\/pt-pt\/artigos\/2022\/01\/15\/eu-tiven-unha-granxa-no-san-amaro-169066\/","title":{"rendered":"Eu tive uma quinta em S. Amaro"},"content":{"rendered":"","protected":false},"excerpt":{"rendered":"<p>A melancolia pode matar. De facto, mata. Os factos n\u00e3o s\u00e3o conhecidos porque ningu\u00e9m pensa que sejam relevantes ou dignos de mudan\u00e7a. A melancolia mata como mata a burrice ou a ignor\u00e2ncia. Ou a sa\u00fade mal atendida. Mata como matam as contas mal feitas. Tamb\u00e9m n\u00e3o faz falta ser t\u00e3o dram\u00e1ticos&#8230; Mata como mata a vida, mas neste caso n\u00e3o lhe damos a import\u00e2ncia que tem. Estamos em guerra contra a melancolia, mas n\u00e3o percebemos porque \u00e9 que estamos a perder. <\/p>\n","protected":false},"author":51,"featured_media":168334,"comment_status":"closed","ping_status":"closed","sticky":false,"template":"","format":"standard","meta":{"_acf_changed":false,"footnotes":""},"categories":[195],"tags":[],"class_list":["post-169066","post","type-post","status-publish","format-standard","has-post-thumbnail","hentry","category-fatiga-ocular-pt-pt"],"acf":[],"post_template":"reportaxe","post_subscription":"yes","pretitle":"","content_extract":"Eu tive uma quinta em S\u00e3o Amaro, mas n\u00e3o era minha, nem era uma quinta. Pertenceu ao meu pai e a mais ningu\u00e9m. Nem sequer era da minha m\u00e3e por causa comunh\u00e3o de bens, que era uma formalidade legal. Tamb\u00e9m n\u00e3o era uma quinta. N\u00e3o tinha as placas de uralite a duas \u00e1guas, nem o...","reading_data":{"word_count":"947","reading_seconds":"227","reading_time":{"minutes":3,"hours":0,"seconds":47},"reading_string":"3'47''","reading_human":"4 minutos"},"announcement":{"finishdate":"","finishdate_text":""},"opinion":{"subject":"","subject_info":[]},"event_info":{"startdate":"","starttime":"","enddate":"","endtime":"","entertainer":null},"interview":{"interviewed":""},"phototext":{"text_author":"","text_photo":""},"video":{"video_source":""},"promotion":{"action":"default","action_data":""},"categories_list":[{"name":"Fadiga Ocular","id":195,"slug":"fatiga-ocular-pt-pt","parent":0,"template":"default"}],"visible_author":"Camilo Franco","_links":{"self":[{"href":"https:\/\/pisofranco.gal\/pt-pt\/api\/wp\/v2\/posts\/169066"}],"collection":[{"href":"https:\/\/pisofranco.gal\/pt-pt\/api\/wp\/v2\/posts"}],"about":[{"href":"https:\/\/pisofranco.gal\/pt-pt\/api\/wp\/v2\/types\/post"}],"author":[{"embeddable":true,"href":"https:\/\/pisofranco.gal\/pt-pt\/api\/wp\/v2\/users\/51"}],"replies":[{"embeddable":true,"href":"https:\/\/pisofranco.gal\/pt-pt\/api\/wp\/v2\/comments?post=169066"}],"version-history":[{"count":1,"href":"https:\/\/pisofranco.gal\/pt-pt\/api\/wp\/v2\/posts\/169066\/revisions"}],"predecessor-version":[{"id":169132,"href":"https:\/\/pisofranco.gal\/pt-pt\/api\/wp\/v2\/posts\/169066\/revisions\/169132"}],"wp:featuredmedia":[{"embeddable":true,"href":"https:\/\/pisofranco.gal\/pt-pt\/api\/wp\/v2\/media\/168334"}],"wp:attachment":[{"href":"https:\/\/pisofranco.gal\/pt-pt\/api\/wp\/v2\/media?parent=169066"}],"wp:term":[{"taxonomy":"category","embeddable":true,"href":"https:\/\/pisofranco.gal\/pt-pt\/api\/wp\/v2\/categories?post=169066"},{"taxonomy":"post_tag","embeddable":true,"href":"https:\/\/pisofranco.gal\/pt-pt\/api\/wp\/v2\/tags?post=169066"}],"curies":[{"name":"wp","href":"https:\/\/api.w.org\/{rel}","templated":true}]}}