{"id":178520,"date":"2022-02-01T13:56:36","date_gmt":"2022-02-01T12:56:36","guid":{"rendered":"https:\/\/pisofranco.gal\/artigos\/2022\/02\/01\/duas-colonizacions-178520\/"},"modified":"2022-02-01T14:21:34","modified_gmt":"2022-02-01T13:21:34","slug":"duas-colonizacions","status":"publish","type":"post","link":"https:\/\/pisofranco.gal\/pt-pt\/artigos\/2022\/02\/01\/duas-colonizacions-178520\/","title":{"rendered":"Duas coloniza\u00e7\u00f5es"},"content":{"rendered":"<p>O N\u00edger est\u00e1, em muitos aspectos, no cora\u00e7\u00e3o da \u00c1frica. Da \u00c1frica que, por alguma raz\u00e3o, chamamos de negra. Sofreu duas coloniza\u00e7\u00f5es muito distantes no tempo e n\u00e3o conseguiu superar nenhuma delas. A primeira das coloniza\u00e7\u00f5es do N\u00edger foi mu\u00e7ulmana. Economicamente adapt\u00e1vel aos territ\u00f3rios que ocupava, alterou a organiza\u00e7\u00e3o social original e acabou por se estabelecer como um ponto de refer\u00eancia religioso e cultural. N\u00e3o \u00e9 \u00fanico, mas \u00e9 a maioria. A segunda coloniza\u00e7\u00e3o \u00e9 europeia. Franc\u00eas, para ser mais preciso. E embora quando os franceses chegaram ao N\u00edger j\u00e1 estivessem sob o lema de libert\u00e9, \u00e9galit\u00e9 et fraternit\u00e9, nenhuma dessas m\u00e1ximas deveria ter sido v\u00e1lida para algu\u00e9m que n\u00e3o fosse exatamente franc\u00eas. A segunda coloniza\u00e7\u00e3o teve um car\u00e1cter mais eminentemente econ\u00f3mico. Apesar da emancipa\u00e7\u00e3o do pa\u00eds em 1967, esta coloniza\u00e7\u00e3o permanece. Agora chama-se com\u00e9rcio, e o peso do com\u00e9rcio franc\u00eas, das empresas francesas, \u00e9 muito pesado na escassa estrutura econ\u00f3mica nigeriana. \u00c9 um peso da desigualdade \u00f3bvia porque quase todos os recursos valiosos do pa\u00eds est\u00e3o nos balan\u00e7os das empresas transnacionais.<\/p>","protected":false},"excerpt":{"rendered":"<p>O N\u00edger est\u00e1, em muitos aspectos, no cora\u00e7\u00e3o da \u00c1frica. Da \u00c1frica que, por alguma raz\u00e3o, chamamos de negra. Sofreu duas coloniza\u00e7\u00f5es muito distantes no tempo e n\u00e3o conseguiu superar nenhuma delas. A primeira das coloniza\u00e7\u00f5es do N\u00edger foi mu\u00e7ulmana. Economicamente adapt\u00e1vel aos territ\u00f3rios que ocupava, alterou a organiza\u00e7\u00e3o social original e acabou por se &hellip;<\/p>\n","protected":false},"author":51,"featured_media":178470,"comment_status":"closed","ping_status":"closed","sticky":false,"template":"","format":"standard","meta":{"_acf_changed":false,"footnotes":""},"categories":[298,245],"tags":[],"class_list":["post-178520","post","type-post","status-publish","format-standard","has-post-thumbnail","hentry","category-niger-pt-pt","category-libros-pt"],"acf":[],"post_template":"narrativa","post_subscription":"no","pretitle":"","content_extract":"O N\u00edger est\u00e1, em muitos aspectos, no cora\u00e7\u00e3o da \u00c1frica. Da \u00c1frica que, por alguma raz\u00e3o, chamamos de negra. Sofreu duas coloniza\u00e7\u00f5es muito distantes no tempo e n\u00e3o conseguiu superar nenhuma delas. A primeira das coloniza\u00e7\u00f5es do N\u00edger foi mu\u00e7ulmana. Economicamente adapt\u00e1vel aos territ\u00f3rios que ocupava, alterou a organiza\u00e7\u00e3o social original e acabou por se...","reading_data":{"word_count":"174","reading_seconds":"41","reading_time":{"minutes":0,"hours":0,"seconds":41},"reading_string":"41''","reading_human":"<1 minuto"},"announcement":{"finishdate":"","finishdate_text":""},"opinion":{"subject":"","subject_info":[]},"event_info":{"startdate":"","starttime":"","enddate":"","endtime":"","entertainer":null},"interview":{"interviewed":""},"phototext":{"text_author":"","text_photo":""},"video":{"video_source":""},"promotion":{"action":"default","action_data":""},"categories_list":[{"name":"Livros","id":245,"slug":"libros-pt","parent":0,"template":"books"},{"name":"N\u00edger","id":298,"slug":"niger-pt-pt","parent":245,"template":"books"}],"visible_author":"Camilo Franco","_links":{"self":[{"href":"https:\/\/pisofranco.gal\/pt-pt\/api\/wp\/v2\/posts\/178520"}],"collection":[{"href":"https:\/\/pisofranco.gal\/pt-pt\/api\/wp\/v2\/posts"}],"about":[{"href":"https:\/\/pisofranco.gal\/pt-pt\/api\/wp\/v2\/types\/post"}],"author":[{"embeddable":true,"href":"https:\/\/pisofranco.gal\/pt-pt\/api\/wp\/v2\/users\/51"}],"replies":[{"embeddable":true,"href":"https:\/\/pisofranco.gal\/pt-pt\/api\/wp\/v2\/comments?post=178520"}],"version-history":[{"count":1,"href":"https:\/\/pisofranco.gal\/pt-pt\/api\/wp\/v2\/posts\/178520\/revisions"}],"predecessor-version":[{"id":178556,"href":"https:\/\/pisofranco.gal\/pt-pt\/api\/wp\/v2\/posts\/178520\/revisions\/178556"}],"wp:featuredmedia":[{"embeddable":true,"href":"https:\/\/pisofranco.gal\/pt-pt\/api\/wp\/v2\/media\/178470"}],"wp:attachment":[{"href":"https:\/\/pisofranco.gal\/pt-pt\/api\/wp\/v2\/media?parent=178520"}],"wp:term":[{"taxonomy":"category","embeddable":true,"href":"https:\/\/pisofranco.gal\/pt-pt\/api\/wp\/v2\/categories?post=178520"},{"taxonomy":"post_tag","embeddable":true,"href":"https:\/\/pisofranco.gal\/pt-pt\/api\/wp\/v2\/tags?post=178520"}],"curies":[{"name":"wp","href":"https:\/\/api.w.org\/{rel}","templated":true}]}}