{"id":219743,"date":"2022-04-26T18:29:06","date_gmt":"2022-04-26T16:29:06","guid":{"rendered":"https:\/\/pisofranco.gal\/artigos\/2022\/04\/26\/cronica-da-critica-219743\/"},"modified":"2022-04-26T18:51:20","modified_gmt":"2022-04-26T16:51:20","slug":"cronica-da-critica","status":"publish","type":"post","link":"https:\/\/pisofranco.gal\/pt-pt\/artigos\/2022\/04\/26\/cronica-da-critica-219743\/","title":{"rendered":"Cr\u00f3nica da cr\u00edtica"},"content":{"rendered":"","protected":false},"excerpt":{"rendered":"<p>O meio tempo deixa-me melanc\u00f3lico. Ao contr\u00e1rio do resto dos galegos, t\u00e3o determinados a culpar tudo pela humidade. O tempo indefinido torna-me melanc\u00f3lico como espectador e, em vez de ser objetivo, como todos com os seus interesses imediatos exigem, d\u00e1-me apenas a cabe\u00e7a para ser coerente. Foi no final de uma daquelas festas musicais que &hellip;<\/p>\n","protected":false},"author":51,"featured_media":219728,"comment_status":"closed","ping_status":"closed","sticky":false,"template":"","format":"standard","meta":{"_acf_changed":false,"footnotes":""},"categories":[195],"tags":[],"class_list":["post-219743","post","type-post","status-publish","format-standard","has-post-thumbnail","hentry","category-fatiga-ocular-pt-pt"],"acf":[],"post_template":"default","post_subscription":"yes","pretitle":"","content_extract":"O meio tempo deixa-me melanc\u00f3lico. Ao contr\u00e1rio do resto dos galegos, t\u00e3o determinados a culpar tudo pela humidade. O tempo indefinido torna-me melanc\u00f3lico como espectador e, em vez de ser objetivo, como todos com os seus interesses imediatos exigem, d\u00e1-me apenas a cabe\u00e7a para ser coerente.Foi no final de uma daquelas festas musicais que costumava...","reading_data":{"word_count":"597","reading_seconds":"143","reading_time":{"minutes":2,"hours":0,"seconds":23},"reading_string":"2'23''","reading_human":"2 minutos"},"announcement":{"finishdate":"","finishdate_text":""},"opinion":{"subject":"","subject_info":[]},"event_info":{"startdate":"","starttime":"","enddate":"","endtime":"","entertainer":null},"interview":{"interviewed":""},"phototext":{"text_author":"","text_photo":""},"video":{"video_source":""},"promotion":{"action":"default","action_data":""},"categories_list":[{"name":"Fadiga Ocular","id":195,"slug":"fatiga-ocular-pt-pt","parent":0,"template":"default"}],"visible_author":"Camilo Franco","_links":{"self":[{"href":"https:\/\/pisofranco.gal\/pt-pt\/api\/wp\/v2\/posts\/219743"}],"collection":[{"href":"https:\/\/pisofranco.gal\/pt-pt\/api\/wp\/v2\/posts"}],"about":[{"href":"https:\/\/pisofranco.gal\/pt-pt\/api\/wp\/v2\/types\/post"}],"author":[{"embeddable":true,"href":"https:\/\/pisofranco.gal\/pt-pt\/api\/wp\/v2\/users\/51"}],"replies":[{"embeddable":true,"href":"https:\/\/pisofranco.gal\/pt-pt\/api\/wp\/v2\/comments?post=219743"}],"version-history":[{"count":2,"href":"https:\/\/pisofranco.gal\/pt-pt\/api\/wp\/v2\/posts\/219743\/revisions"}],"predecessor-version":[{"id":219824,"href":"https:\/\/pisofranco.gal\/pt-pt\/api\/wp\/v2\/posts\/219743\/revisions\/219824"}],"wp:featuredmedia":[{"embeddable":true,"href":"https:\/\/pisofranco.gal\/pt-pt\/api\/wp\/v2\/media\/219728"}],"wp:attachment":[{"href":"https:\/\/pisofranco.gal\/pt-pt\/api\/wp\/v2\/media?parent=219743"}],"wp:term":[{"taxonomy":"category","embeddable":true,"href":"https:\/\/pisofranco.gal\/pt-pt\/api\/wp\/v2\/categories?post=219743"},{"taxonomy":"post_tag","embeddable":true,"href":"https:\/\/pisofranco.gal\/pt-pt\/api\/wp\/v2\/tags?post=219743"}],"curies":[{"name":"wp","href":"https:\/\/api.w.org\/{rel}","templated":true}]}}