{"id":231451,"date":"2022-05-27T18:53:29","date_gmt":"2022-05-27T16:53:29","guid":{"rendered":"https:\/\/pisofranco.gal\/artigos\/2022\/05\/27\/5-os-anonimos-son-desconecidos-231451\/"},"modified":"2022-05-27T20:22:42","modified_gmt":"2022-05-27T18:22:42","slug":"5-os-anonimos-son-desconecidos","status":"publish","type":"post","link":"https:\/\/pisofranco.gal\/pt-pt\/artigos\/2022\/05\/27\/5-os-anonimos-son-desconecidos-231451\/","title":{"rendered":"5 | Os an\u00f3nimos s\u00e3o desconhecidos"},"content":{"rendered":"","protected":false},"excerpt":{"rendered":"<p>Foi apanhado ao lado da farm\u00e1cia. Entrou pela porta dos fundos de um Audi. Na frente estava o presidente da c\u00e2mara, motorista, e o comandante do posto da Guardia Civil o presidente da c\u00e2mara, motorista, e o comandante do posto da Guarda Civil. O prefeito olhou para ele no espelho retrovisor.-N\u00e3o olhes assim para mim. &hellip;<\/p>\n","protected":false},"author":51,"featured_media":231372,"comment_status":"closed","ping_status":"closed","sticky":false,"template":"","format":"standard","meta":{"_acf_changed":false,"footnotes":""},"categories":[248,245],"tags":[],"class_list":["post-231451","post","type-post","status-publish","format-standard","has-post-thumbnail","hentry","category-balada-triste-de-moqueta-pt-pt","category-libros-pt"],"acf":[],"post_template":"narrativa","post_subscription":"yes","pretitle":"","content_extract":"Foi apanhado ao lado da farm\u00e1cia. Entrou pela porta dos fundos de um Audi. Na frente estava o presidente da c\u00e2mara, motorista, e o comandante do posto da Guardia Civil o presidente da c\u00e2mara, motorista, e o comandante do posto da Guarda Civil. O prefeito olhou para ele no espelho retrovisor.-N\u00e3o olhes assim para mim....","reading_data":{"word_count":"698","reading_seconds":"167","reading_time":{"minutes":2,"hours":0,"seconds":47},"reading_string":"2'47''","reading_human":"3 minutos"},"announcement":{"finishdate":"","finishdate_text":""},"opinion":{"subject":"","subject_info":[]},"event_info":{"startdate":"","starttime":"","enddate":"","endtime":"","entertainer":null},"interview":{"interviewed":""},"phototext":{"text_author":"","text_photo":""},"video":{"video_source":""},"promotion":{"action":"default","action_data":""},"categories_list":[{"name":"Livros","id":245,"slug":"libros-pt","parent":0,"template":"books"},{"name":"Blues da alcatifa","id":248,"slug":"balada-triste-de-moqueta-pt-pt","parent":245,"template":"default"}],"visible_author":"Camilo Franco","_links":{"self":[{"href":"https:\/\/pisofranco.gal\/pt-pt\/api\/wp\/v2\/posts\/231451"}],"collection":[{"href":"https:\/\/pisofranco.gal\/pt-pt\/api\/wp\/v2\/posts"}],"about":[{"href":"https:\/\/pisofranco.gal\/pt-pt\/api\/wp\/v2\/types\/post"}],"author":[{"embeddable":true,"href":"https:\/\/pisofranco.gal\/pt-pt\/api\/wp\/v2\/users\/51"}],"replies":[{"embeddable":true,"href":"https:\/\/pisofranco.gal\/pt-pt\/api\/wp\/v2\/comments?post=231451"}],"version-history":[{"count":1,"href":"https:\/\/pisofranco.gal\/pt-pt\/api\/wp\/v2\/posts\/231451\/revisions"}],"predecessor-version":[{"id":231757,"href":"https:\/\/pisofranco.gal\/pt-pt\/api\/wp\/v2\/posts\/231451\/revisions\/231757"}],"wp:featuredmedia":[{"embeddable":true,"href":"https:\/\/pisofranco.gal\/pt-pt\/api\/wp\/v2\/media\/231372"}],"wp:attachment":[{"href":"https:\/\/pisofranco.gal\/pt-pt\/api\/wp\/v2\/media?parent=231451"}],"wp:term":[{"taxonomy":"category","embeddable":true,"href":"https:\/\/pisofranco.gal\/pt-pt\/api\/wp\/v2\/categories?post=231451"},{"taxonomy":"post_tag","embeddable":true,"href":"https:\/\/pisofranco.gal\/pt-pt\/api\/wp\/v2\/tags?post=231451"}],"curies":[{"name":"wp","href":"https:\/\/api.w.org\/{rel}","templated":true}]}}