{"id":235578,"date":"2022-06-10T09:06:30","date_gmt":"2022-06-10T07:06:30","guid":{"rendered":"https:\/\/pisofranco.gal\/artigos\/2022\/06\/10\/triangulo-de-amor-dificil-235578\/"},"modified":"2022-06-10T09:16:22","modified_gmt":"2022-06-10T07:16:22","slug":"triangulo-de-amor-dificil","status":"publish","type":"post","link":"https:\/\/pisofranco.gal\/pt-pt\/artigos\/2022\/06\/10\/triangulo-de-amor-dificil-235578\/","title":{"rendered":"Dif\u00edcil tri\u00e2ngulo amoroso"},"content":{"rendered":"","protected":false},"excerpt":{"rendered":"<p>Essa linha tem um horizonte. Qualquer pessoa pensa nos horizontes como uma linha decisiva, mas como toda a inven\u00e7\u00e3o humana, \u00e9 irregular e comido por d\u00favidas. Mas \u00e9 um horizonte e h\u00e1 espa\u00e7o para coisas que queremos e coisas que n\u00e3o queremos. Para alguns, este horizonte \u00e9 uma fonte de orgulho porque re\u00fane um passado &hellip;<\/p>\n","protected":false},"author":51,"featured_media":235516,"comment_status":"closed","ping_status":"closed","sticky":false,"template":"","format":"standard","meta":{"_acf_changed":false,"footnotes":""},"categories":[83],"tags":[],"class_list":["post-235578","post","type-post","status-publish","format-standard","has-post-thumbnail","hentry","category-fototexto-pt"],"acf":[],"post_template":"fototexto","post_subscription":"yes","pretitle":"","content_extract":"Essa linha tem um horizonte. Qualquer pessoa pensa nos horizontes como uma linha decisiva, mas como toda a inven\u00e7\u00e3o humana, \u00e9 irregular e comido por d\u00favidas. Mas \u00e9 um horizonte e h\u00e1 espa\u00e7o para coisas que queremos e coisas que n\u00e3o queremos. Para alguns, este horizonte \u00e9 uma fonte de orgulho porque re\u00fane um passado...","reading_data":{"word_count":"260","reading_seconds":"62","reading_time":{"minutes":1,"hours":0,"seconds":2},"reading_string":"1'2''","reading_human":"1 minuto"},"announcement":{"finishdate":"","finishdate_text":""},"opinion":{"subject":"","subject_info":[]},"event_info":{"startdate":"","starttime":"","enddate":"","endtime":"","entertainer":null},"interview":{"interviewed":""},"phototext":{"text_author":"Camilo Franco","text_photo":"Nacho G\u00f3mez"},"video":{"video_source":""},"promotion":{"action":"default","action_data":""},"categories_list":[{"name":"Mais que palavras","id":83,"slug":"fototexto-pt","parent":0,"template":"default"}],"visible_author":"Camilo Franco","_links":{"self":[{"href":"https:\/\/pisofranco.gal\/pt-pt\/api\/wp\/v2\/posts\/235578"}],"collection":[{"href":"https:\/\/pisofranco.gal\/pt-pt\/api\/wp\/v2\/posts"}],"about":[{"href":"https:\/\/pisofranco.gal\/pt-pt\/api\/wp\/v2\/types\/post"}],"author":[{"embeddable":true,"href":"https:\/\/pisofranco.gal\/pt-pt\/api\/wp\/v2\/users\/51"}],"replies":[{"embeddable":true,"href":"https:\/\/pisofranco.gal\/pt-pt\/api\/wp\/v2\/comments?post=235578"}],"version-history":[{"count":1,"href":"https:\/\/pisofranco.gal\/pt-pt\/api\/wp\/v2\/posts\/235578\/revisions"}],"predecessor-version":[{"id":235603,"href":"https:\/\/pisofranco.gal\/pt-pt\/api\/wp\/v2\/posts\/235578\/revisions\/235603"}],"wp:featuredmedia":[{"embeddable":true,"href":"https:\/\/pisofranco.gal\/pt-pt\/api\/wp\/v2\/media\/235516"}],"wp:attachment":[{"href":"https:\/\/pisofranco.gal\/pt-pt\/api\/wp\/v2\/media?parent=235578"}],"wp:term":[{"taxonomy":"category","embeddable":true,"href":"https:\/\/pisofranco.gal\/pt-pt\/api\/wp\/v2\/categories?post=235578"},{"taxonomy":"post_tag","embeddable":true,"href":"https:\/\/pisofranco.gal\/pt-pt\/api\/wp\/v2\/tags?post=235578"}],"curies":[{"name":"wp","href":"https:\/\/api.w.org\/{rel}","templated":true}]}}